{"id":6095,"date":"2023-09-22T20:02:53","date_gmt":"2023-09-22T20:02:53","guid":{"rendered":"https:\/\/krankenhauspfarramt.de\/index.php\/2023\/09\/22\/freiheit-ist-keine-freiheit-wenn-die-soziale-frage-nicht-geloest-ist-ekd\/"},"modified":"2023-09-22T20:02:56","modified_gmt":"2023-09-22T20:02:56","slug":"freiheit-ist-keine-freiheit-wenn-die-soziale-frage-nicht-geloest-ist-ekd","status":"publish","type":"post","link":"https:\/\/krankenhauspfarramt.de\/index.php\/2023\/09\/22\/freiheit-ist-keine-freiheit-wenn-die-soziale-frage-nicht-geloest-ist-ekd\/","title":{"rendered":"\u201eFreiheit ist keine Freiheit, wenn die soziale Frage nicht gel\u00f6st ist\u201c \u2013 EKD"},"content":{"rendered":"<p> <br \/>\n<\/p>\n<div id=\"\">\n<div class=\"article--meta article--meta__border clearfix\">\n<p>                                    <time datetime=\"22.09.2023 19:00\" class=\"article--time\">22.09.2023<\/time><\/p>\n<p>                                     <strong class=\"article--type primus--overline\">Pressemitteilung<\/strong><\/p>\n<picture class=\"article--source-image image\"><source srcset=\"https:\/\/www.ekd.de\/ekd_de\/ds_img\/assets\/20170622_ekd-Quellenlogo_141_rdax_423x118.png\"><!--<source srcset=\"\/ekd_de\/ds_img\/assets\/20170622_ekd-Quellenlogo_141_rdax_141x39.png 1x, \/ekd_de\/ds_img\/assets\/20170622_ekd-Quellenlogo_141_rdax_282x78.png 2x, https:\/\/www.ekd.de\/ekd_de\/ds_img\/assets\/20170622_ekd-Quellenlogo_141_rdax_423x118.png 3x\">--><\/p>\n<p>    <\/source><\/picture>\n<\/p><\/div>\n<h2 class=\"article--sub-headline primus--sub-headline\">EKD-Ratsvorsitzende Annette Kurschus mahnt zum Schutz der Demokratie und w\u00fcrdigt die Rolle der Diakonie f\u00fcr den Zusammenhalt<\/h2>\n<\/p><\/div>\n<div id=\"\">\n<p class=\"EKDFlietext\" style=\"border-color:windowtext; border-image:initial; border-width:1pt; padding:0cm\">Anl\u00e4sslich des 175. Jubil\u00e4ums der Diakonie in Deutschland hat die Ratsvorsitzende der Evangelischen Kirche in Deutschland (EKD), Annette Kurschus, die Errungenschaft der Demokratie in Deutschland gew\u00fcrdigt. Die Gr\u00fcndung der Diakonie im Jahr 1848 falle zusammen mit der Verabschiedung der demokratischen Reichsverfassung in der Frankfurter Paulskirche, die als Geburtsstunde der Demokratie in Deutschland gilt. \u201eIch will diejenigen, die Demokratie erk\u00e4mpft haben und f\u00fcr sie zu M\u00e4rtyrern wurden, mit in unsere heutige Feier nehmen und sie hochleben lassen \u2013 an der Seite der V\u00e4ter und M\u00fctter der Diakonie\u201c, so Kurschus bei der Festveranstaltung in Berlin, an der G\u00e4ste aus Kirche Gesellschaft und Politik, darunter auch Bundeskanzler Olaf Scholz teilnahmen. \u201eAn die Hungerrevolten m\u00fcssen wir denken und an die Barrikadenk\u00e4mpfe in Berlin; an die Menschen, die auf die Stra\u00dfe gingen f\u00fcr die b\u00fcrgerlichen Rechte, die uns heute so selbstverst\u00e4ndlich sind; an die schwarz-rot-goldene Bewegung gegen die deutsche Polizei- und Kleinstaaterei. Und wir m\u00fcssen an die vielen Toten denken, die dieser gro\u00dfe Kampf f\u00fcr Demokratie gekostet hat. Heute, im Jahr 2023, da die Demokratie wieder so viele Ver\u00e4chter hat, erst recht,\u201c so die EKD-Ratsvorsitzende.<\/p>\n<p class=\"EKDFlietext\" style=\"border-color:windowtext; border-image:initial; border-width:1pt; padding:0cm\">In ihrer Andacht zu Beginn der Jubil\u00e4umsveranstaltung hob Kurschus zugleich die Bedeutung der Wohlfahrt f\u00fcr den gesellschaftlichen Zusammenhalt und die Demokratie hervor: \u201eAlle, die sich gegenw\u00e4rtig darum m\u00fchen, den demokratischen Zusammenhalt unserer Gesellschaft zu sichern und zu st\u00e4rken, sollen und m\u00fcssen wissen \u2013 und zwar ohne den Hauch eines Zweifels! \u2013, dass Kirche und Diakonie dabei sind. Wir werden unser M\u00f6glichstes dazu beitragen, dass Recht Recht und Freiheit Freiheit bleibt\u201c, so Kurschus. \u00a0J\u00fcngstes Beispiel sei die Forderung der Diakonie, mindestens 20 Milliarden Euro f\u00fcr eine Kindergrundsicherung aufzuwenden. \u201eSolche diakonischen Einreden in die Politik wagen wir in der Spur Jesu Christi, sie sind praktiziertes Evangelium! Und als praktiziertes Evangelium sind sie angewandte Demokratie.\u201c<\/p>\n<p class=\"EKDFlietext\" style=\"border-color:windowtext; border-image:initial; border-width:1pt; padding:0cm\">Am 22. September 1848 hatte der Hamburger Theologe Johann Hinrich Wichern in einer spontanen Rede auf dem Kirchentag in Wittenberg einen \u201eCentral-Ausschuss f\u00fcr die Innere Mission der deutschen evangelischen Kirche\u201c gefordert und damit den Grundstein f\u00fcr die organisierte Diakonie gelegt.<\/p>\n<p class=\"EKDFlietext\" style=\"border-color:windowtext; border-image:initial; border-width:1pt; padding:0cm\">Wichern habe verstanden: \u201eDie Familien, deren Kinder ich in Hamburg-Sankt Georg aus dem Dreck aufsammle, fragen nicht zuerst nach Gott, und genauso wenig sind sie interessiert an Pressefreiheit\u201c, so Kurschus \u201eSie sind nicht einmal mehr interessiert an Liebe und Zuwendung, denn sie wissen gar nicht, was das ist. Sie sind interessiert an einem St\u00fcck Brot, egal ob gekauft oder gestohlen.\u201c Wichern habe verstanden, \u201ewas damals in der Kirche und auch unter den Freiheitsk\u00e4mpfern viel zu wenige verstanden: Freiheit ist keine Freiheit, wenn die sozialen Fragen nicht gel\u00f6st sind\u201c, erinnerte die EKD-Ratsvorsitzende.<\/p>\n<p class=\"EKDFlietext\" style=\"border-color:windowtext; border-image:initial; border-width:1pt; padding:0cm\">Die Diakonie ist der soziale Dienst der evangelischen Kirche. Unter ihrem Dach sind deutschlandweit mehr als 627.000 hauptamtlich Mitarbeitende in rund 33.000 Einrichtungen und Angeboten besch\u00e4ftigt. Im Zentrum der Arbeit stehen Familien, Menschen in Not, Pflegebed\u00fcrftige, Kranke, Menschen mit Behinderung sowie Gefl\u00fcchtete und Migrant*innen.<\/p>\n<p class=\"EKDFlietext\" style=\"border-color:windowtext; border-image:initial; border-width:1pt; padding:0cm\">Hannover, 22. September 2023<\/p>\n<p class=\"EKDAdressdaten\">Pressestelle der EKD<br \/>Carsten Splitt<\/p>\n<\/div>\n","protected":false},"excerpt":{"rendered":"<p>22.09.2023 Pressemitteilung EKD-Ratsvorsitzende Annette Kurschus mahnt zum Schutz der Demokratie und w\u00fcrdigt die Rolle der Diakonie f\u00fcr den Zusammenhalt Anl\u00e4sslich<\/p>\n","protected":false},"author":2,"featured_media":6082,"comment_status":"closed","ping_status":"closed","sticky":false,"template":"","format":"standard","meta":{"footnotes":""},"categories":[20],"tags":[],"_links":{"self":[{"href":"https:\/\/krankenhauspfarramt.de\/index.php\/wp-json\/wp\/v2\/posts\/6095"}],"collection":[{"href":"https:\/\/krankenhauspfarramt.de\/index.php\/wp-json\/wp\/v2\/posts"}],"about":[{"href":"https:\/\/krankenhauspfarramt.de\/index.php\/wp-json\/wp\/v2\/types\/post"}],"author":[{"embeddable":true,"href":"https:\/\/krankenhauspfarramt.de\/index.php\/wp-json\/wp\/v2\/users\/2"}],"replies":[{"embeddable":true,"href":"https:\/\/krankenhauspfarramt.de\/index.php\/wp-json\/wp\/v2\/comments?post=6095"}],"version-history":[{"count":1,"href":"https:\/\/krankenhauspfarramt.de\/index.php\/wp-json\/wp\/v2\/posts\/6095\/revisions"}],"predecessor-version":[{"id":6096,"href":"https:\/\/krankenhauspfarramt.de\/index.php\/wp-json\/wp\/v2\/posts\/6095\/revisions\/6096"}],"wp:featuredmedia":[{"embeddable":true,"href":"https:\/\/krankenhauspfarramt.de\/index.php\/wp-json\/wp\/v2\/media\/6082"}],"wp:attachment":[{"href":"https:\/\/krankenhauspfarramt.de\/index.php\/wp-json\/wp\/v2\/media?parent=6095"}],"wp:term":[{"taxonomy":"category","embeddable":true,"href":"https:\/\/krankenhauspfarramt.de\/index.php\/wp-json\/wp\/v2\/categories?post=6095"},{"taxonomy":"post_tag","embeddable":true,"href":"https:\/\/krankenhauspfarramt.de\/index.php\/wp-json\/wp\/v2\/tags?post=6095"}],"curies":[{"name":"wp","href":"https:\/\/api.w.org\/{rel}","templated":true}]}}