{"id":6097,"date":"2023-09-25T13:02:10","date_gmt":"2023-09-25T13:02:10","guid":{"rendered":"https:\/\/krankenhauspfarramt.de\/index.php\/2023\/09\/25\/choral-konzert-auf-deutschlandradio-kultur-ekd\/"},"modified":"2023-09-25T13:02:14","modified_gmt":"2023-09-25T13:02:14","slug":"choral-konzert-auf-deutschlandradio-kultur-ekd","status":"publish","type":"post","link":"https:\/\/krankenhauspfarramt.de\/index.php\/2023\/09\/25\/choral-konzert-auf-deutschlandradio-kultur-ekd\/","title":{"rendered":"Choral-Konzert auf Deutschlandradio-Kultur \u2013 EKD"},"content":{"rendered":"<p> <br \/>\n<\/p>\n<div id=\"\">\n<p>2024 j\u00e4hrt sich zum 500. Mal die Herausgabe der ersten evangelischen Gesangb\u00fccher in Erfurt und Wittenberg \u2013 des Erfurter Enchiridions, des Achtliederbuchs und das Wittenberger Gesangb\u00fcchleins. \u00a0<\/p>\n<p>Das<strong> Vokalensemble Athesinus Consort Berlin<\/strong>, benannt nach einem der ersten renommierten protestantischen Komponisten, dem in N\u00fcrnberg und Stuttgart t\u00e4tigen Leonhard Lechner Athesinus, hat vorbereitend auf dieses Jubil\u00e4um ein Konzertprogramm entwickelt, das mit Chor\u00e4len durch den Tag geht \u2013 ein Choraltagebuch von Michael Praetorius und Gef\u00e4hrten aus Renaissance, Barock, Romantik und im Jazz-Gewand. Dabei kommt der protestantische Choral in allen seinen Facetten zum Zuge: als klassischer Choral, als Choralmotette, als Konzept-Choral in S\u00e4tzen verschiedener Komponisten, in der Weiterentwicklung als geistliches Lied der Romantik und mit Hilfe von Kontrafakturen, die den Choral individuell und als musikalischen Bausatz neu h\u00f6rbar machen.\u00a0\u00a0<\/p>\n<p>F\u00fcr dieses Choral-Konzert hat sich das Athesinus Consort Berlin unter der Leitung von Klaus-Martin Bresgott besondere G\u00e4ste des Jazz eingeladen: den Trompeter und Komponisten Bastian Stein,\u00a0Professor am Jazz Institut Berlin, und den Saxophonisten und Komponisten Uwe Steinmetz, der in G\u00f6teborg \u00fcber religi\u00f6s inspirierten Jazz promovierte und mit seinem Projekt \u201ewaves\u201c europaweit aktiv ist.<\/p>\n<p>Das Choraltagebuch wurde am 7. September 2023 in der Friedenskirche Potsdam und am 8. September 2023 in der Parochialkirche Berlin aufgef\u00fchrt und wird am <strong>Mittwoch, 27. September, 20:03 Uhr auf Deutschlandfunk-Kultur ausgestrahlt.<\/strong> Zum Nachh\u00f6ren ist es im Netz und in der DLF-Audiothek verf\u00fcgbar.<\/p>\n<p>Hannover, 25. September 2023<\/p>\n<p>Pressestelle der EKD<br \/>Carsten Splitt<\/p>\n<\/div>\n","protected":false},"excerpt":{"rendered":"<p>2024 j\u00e4hrt sich zum 500. Mal die Herausgabe der ersten evangelischen Gesangb\u00fccher in Erfurt und Wittenberg \u2013 des Erfurter Enchiridions,<\/p>\n","protected":false},"author":2,"featured_media":6098,"comment_status":"closed","ping_status":"closed","sticky":false,"template":"","format":"standard","meta":{"footnotes":""},"categories":[20],"tags":[],"_links":{"self":[{"href":"https:\/\/krankenhauspfarramt.de\/index.php\/wp-json\/wp\/v2\/posts\/6097"}],"collection":[{"href":"https:\/\/krankenhauspfarramt.de\/index.php\/wp-json\/wp\/v2\/posts"}],"about":[{"href":"https:\/\/krankenhauspfarramt.de\/index.php\/wp-json\/wp\/v2\/types\/post"}],"author":[{"embeddable":true,"href":"https:\/\/krankenhauspfarramt.de\/index.php\/wp-json\/wp\/v2\/users\/2"}],"replies":[{"embeddable":true,"href":"https:\/\/krankenhauspfarramt.de\/index.php\/wp-json\/wp\/v2\/comments?post=6097"}],"version-history":[{"count":1,"href":"https:\/\/krankenhauspfarramt.de\/index.php\/wp-json\/wp\/v2\/posts\/6097\/revisions"}],"predecessor-version":[{"id":6099,"href":"https:\/\/krankenhauspfarramt.de\/index.php\/wp-json\/wp\/v2\/posts\/6097\/revisions\/6099"}],"wp:featuredmedia":[{"embeddable":true,"href":"https:\/\/krankenhauspfarramt.de\/index.php\/wp-json\/wp\/v2\/media\/6098"}],"wp:attachment":[{"href":"https:\/\/krankenhauspfarramt.de\/index.php\/wp-json\/wp\/v2\/media?parent=6097"}],"wp:term":[{"taxonomy":"category","embeddable":true,"href":"https:\/\/krankenhauspfarramt.de\/index.php\/wp-json\/wp\/v2\/categories?post=6097"},{"taxonomy":"post_tag","embeddable":true,"href":"https:\/\/krankenhauspfarramt.de\/index.php\/wp-json\/wp\/v2\/tags?post=6097"}],"curies":[{"name":"wp","href":"https:\/\/api.w.org\/{rel}","templated":true}]}}