{"id":610,"date":"2020-03-25T22:21:47","date_gmt":"2020-03-25T22:21:47","guid":{"rendered":"https:\/\/krankenhauspfarramt.de\/index.php\/2020\/03\/25\/absage-des-kirchenliedseminars-singbar-oder-nicht-ekd\/"},"modified":"2020-03-29T04:59:42","modified_gmt":"2020-03-29T04:59:42","slug":"absage-des-kirchenliedseminars-singbar-oder-nicht-ekd","status":"publish","type":"post","link":"https:\/\/krankenhauspfarramt.de\/index.php\/2020\/03\/25\/absage-des-kirchenliedseminars-singbar-oder-nicht-ekd\/","title":{"rendered":"Absage des Kirchenliedseminars \u201eSingbar oder nicht?\u201c \u2013 EKD"},"content":{"rendered":"<p> <br \/>\n<\/p>\n<div id=\"\">\n<div class=\"article--meta article--meta__border clearfix\">\n<p>                                    <time datetime=\"13.03.2020 13:00\" class=\"article--time\">13.03.2020<\/time><strong class=\"article--type primus--overline\">Pressemitteilung<\/strong><\/p>\n<p><a href=\"http:\/\/www.velkd.de\/\" class=\"article--source\" target=\"_blank\" rel=\"noopener noreferrer\"><\/p>\n<picture class=\"article--source-image image\"><source srcset=\"\/ekd_de\/ds_img\/assets\/velkd.jpg\"><!--<source srcset=\"\/ekd_de\/ds_img\/assets\/velkd_rdax_141x141.jpg 1x, \/ekd_de\/ds_img\/assets\/velkd_rdax_282x282.jpg 2x, \/ekd_de\/ds_img\/assets\/velkd.jpg 3x\">--><\/source><\/picture><\/a><\/p><\/div><\/div>\n<div id=\"\">\n<p>Angesichts der sich weiter versch\u00e4rfenden Lage im Blick auf die Ausbreitung des Coronavirus und erh\u00f6hter Vorsichtsma\u00dfnahmen f\u00fcr gr\u00f6\u00dfere Veranstaltungen wurde das f\u00fcr den 25. bis 28. M\u00e4rz 2020 geplante Kirchenliedseminar \u201eSingbar oder nicht?\u201c, das das Liturgiewissenschaftliche Institut der Vereinigten Evangelisch-Lutherischen Kirche Deutschlands (VELKD) gemeinsam mit der Evangelischen Akademie Loccum und anderen Kooperationspartnern in Loccum geplant hatte, abgesagt.<\/p>\n<p>Hannover, 13. M\u00e4rz 2020<\/p>\n<p>Pressestelle der VELKD<br \/>Urs Christian Mundt<\/p>\n<\/div>\n","protected":false},"excerpt":{"rendered":"<p>13.03.2020Pressemitteilung Angesichts der sich weiter versch\u00e4rfenden Lage im Blick auf die Ausbreitung des Coronavirus und erh\u00f6hter Vorsichtsma\u00dfnahmen f\u00fcr gr\u00f6\u00dfere Veranstaltungen<\/p>\n","protected":false},"author":1,"featured_media":611,"comment_status":"closed","ping_status":"closed","sticky":false,"template":"","format":"standard","meta":{"footnotes":""},"categories":[20],"tags":[],"_links":{"self":[{"href":"https:\/\/krankenhauspfarramt.de\/index.php\/wp-json\/wp\/v2\/posts\/610"}],"collection":[{"href":"https:\/\/krankenhauspfarramt.de\/index.php\/wp-json\/wp\/v2\/posts"}],"about":[{"href":"https:\/\/krankenhauspfarramt.de\/index.php\/wp-json\/wp\/v2\/types\/post"}],"author":[{"embeddable":true,"href":"https:\/\/krankenhauspfarramt.de\/index.php\/wp-json\/wp\/v2\/users\/1"}],"replies":[{"embeddable":true,"href":"https:\/\/krankenhauspfarramt.de\/index.php\/wp-json\/wp\/v2\/comments?post=610"}],"version-history":[{"count":1,"href":"https:\/\/krankenhauspfarramt.de\/index.php\/wp-json\/wp\/v2\/posts\/610\/revisions"}],"predecessor-version":[{"id":614,"href":"https:\/\/krankenhauspfarramt.de\/index.php\/wp-json\/wp\/v2\/posts\/610\/revisions\/614"}],"wp:featuredmedia":[{"embeddable":true,"href":"https:\/\/krankenhauspfarramt.de\/index.php\/wp-json\/wp\/v2\/media\/611"}],"wp:attachment":[{"href":"https:\/\/krankenhauspfarramt.de\/index.php\/wp-json\/wp\/v2\/media?parent=610"}],"wp:term":[{"taxonomy":"category","embeddable":true,"href":"https:\/\/krankenhauspfarramt.de\/index.php\/wp-json\/wp\/v2\/categories?post=610"},{"taxonomy":"post_tag","embeddable":true,"href":"https:\/\/krankenhauspfarramt.de\/index.php\/wp-json\/wp\/v2\/tags?post=610"}],"curies":[{"name":"wp","href":"https:\/\/api.w.org\/{rel}","templated":true}]}}