{"id":6100,"date":"2023-09-25T17:04:55","date_gmt":"2023-09-25T17:04:55","guid":{"rendered":"https:\/\/krankenhauspfarramt.de\/index.php\/2023\/09\/25\/tagung-des-beteiligungsforums-sexualisierte-gewalt-im-september-2023-ekd\/"},"modified":"2023-09-25T17:04:58","modified_gmt":"2023-09-25T17:04:58","slug":"tagung-des-beteiligungsforums-sexualisierte-gewalt-im-september-2023-ekd","status":"publish","type":"post","link":"https:\/\/krankenhauspfarramt.de\/index.php\/2023\/09\/25\/tagung-des-beteiligungsforums-sexualisierte-gewalt-im-september-2023-ekd\/","title":{"rendered":"Tagung des Beteiligungsforums Sexualisierte Gewalt im September 2023 \u2013 EKD"},"content":{"rendered":"<p> <br \/>\n<\/p>\n<div>\n<p>Die AG Vernetzungsplattform konnte ank\u00fcndigen, dass das Betroffenennetzwerk BeNe bei der kommenden EKD-Synode im November dieses Jahres vorgestellt wird. BeNe wird f\u00fcr von sexualisierter Gewalt betroffene Personen Informationen und M\u00f6glichkeiten zum moderierten Austausch bieten.<\/p>\n<p>Die EKD- Ratsvorsitzende Annette Kurschus war am 2. Sitzungstag zu Gast und kam mit den Mitgliedern des Beteiligungsforums ins Gespr\u00e4ch. Bei der Planung der kommenden Synode beteiligte sie sich und besprach mit den Mitgliedern, wie die Arbeit des Beteiligungsforums auf der Synode vorgestellt werden kann. Bei den weiteren Diskussionen bekam die Ratsvorsitzende einen Eindruck davon, wie sich die Zusammenarbeit von kirchlichen Beauftragten und Betroffenenvertreter*innen im Beteiligungsforum gestaltet.<\/p>\n<p>Im Beteiligungsforum Sexualisierte Gewalt werden alle Fragen, die sexualisierte Gewalt in der evangelischen Kirche und Diakonie betreffen, von Betroffenenvertreter*innen und kirchlichen sowie diakonischen Beauftragten bearbeitet. Die Mitglieder des Beteiligungsforums bringen ihre Fragestellungen und Themen in das Forum ein. Ebenso werden Anfragen aus den Gremien der EKD und Diakonie in das Beteiligungsforum getragen. Das Beteiligungsforum erarbeitet dazu konkrete Beschlussvorschl\u00e4ge. F\u00fcr einen Beschlussvorschlag ist sowohl eine Mehrheit in der Betroffenenvertretung als auch unter den kirchlichen und diakonischen Beauftragten notwendig. Die abgestimmten Beschlussvorschl\u00e4ge werden dann in den Rat der EKD, die Kirchenkonferenz oder die Synode eingebracht, wo sie endg\u00fcltig beschlossen werden. So ist gew\u00e4hrleistet, dass jede kirchenpolitische Entscheidung zum Umgang mit sexualisierter Gewalt unter Partizipation Betroffener erfolgt.<\/p>\n<\/p><\/div>\n","protected":false},"excerpt":{"rendered":"<p>Die AG Vernetzungsplattform konnte ank\u00fcndigen, dass das Betroffenennetzwerk BeNe bei der kommenden EKD-Synode im November dieses Jahres vorgestellt wird. BeNe<\/p>\n","protected":false},"author":2,"featured_media":5548,"comment_status":"closed","ping_status":"closed","sticky":false,"template":"","format":"standard","meta":{"footnotes":""},"categories":[20],"tags":[],"_links":{"self":[{"href":"https:\/\/krankenhauspfarramt.de\/index.php\/wp-json\/wp\/v2\/posts\/6100"}],"collection":[{"href":"https:\/\/krankenhauspfarramt.de\/index.php\/wp-json\/wp\/v2\/posts"}],"about":[{"href":"https:\/\/krankenhauspfarramt.de\/index.php\/wp-json\/wp\/v2\/types\/post"}],"author":[{"embeddable":true,"href":"https:\/\/krankenhauspfarramt.de\/index.php\/wp-json\/wp\/v2\/users\/2"}],"replies":[{"embeddable":true,"href":"https:\/\/krankenhauspfarramt.de\/index.php\/wp-json\/wp\/v2\/comments?post=6100"}],"version-history":[{"count":1,"href":"https:\/\/krankenhauspfarramt.de\/index.php\/wp-json\/wp\/v2\/posts\/6100\/revisions"}],"predecessor-version":[{"id":6101,"href":"https:\/\/krankenhauspfarramt.de\/index.php\/wp-json\/wp\/v2\/posts\/6100\/revisions\/6101"}],"wp:featuredmedia":[{"embeddable":true,"href":"https:\/\/krankenhauspfarramt.de\/index.php\/wp-json\/wp\/v2\/media\/5548"}],"wp:attachment":[{"href":"https:\/\/krankenhauspfarramt.de\/index.php\/wp-json\/wp\/v2\/media?parent=6100"}],"wp:term":[{"taxonomy":"category","embeddable":true,"href":"https:\/\/krankenhauspfarramt.de\/index.php\/wp-json\/wp\/v2\/categories?post=6100"},{"taxonomy":"post_tag","embeddable":true,"href":"https:\/\/krankenhauspfarramt.de\/index.php\/wp-json\/wp\/v2\/tags?post=6100"}],"curies":[{"name":"wp","href":"https:\/\/api.w.org\/{rel}","templated":true}]}}