{"id":6102,"date":"2023-09-25T21:08:06","date_gmt":"2023-09-25T21:08:06","guid":{"rendered":"https:\/\/krankenhauspfarramt.de\/index.php\/2023\/09\/25\/oekumenischer-gottesdienst-eroeffnet-interkulturelle-woche-in-bottrop-ekd\/"},"modified":"2023-09-25T21:08:09","modified_gmt":"2023-09-25T21:08:09","slug":"oekumenischer-gottesdienst-eroeffnet-interkulturelle-woche-in-bottrop-ekd","status":"publish","type":"post","link":"https:\/\/krankenhauspfarramt.de\/index.php\/2023\/09\/25\/oekumenischer-gottesdienst-eroeffnet-interkulturelle-woche-in-bottrop-ekd\/","title":{"rendered":"\u00d6kumenischer Gottesdienst er\u00f6ffnet Interkulturelle Woche in Bottrop \u2013 EKD"},"content":{"rendered":"<p> <br \/>\n<\/p>\n<div id=\"\">\n<p>Kurschus betonte, dass die Vorstellung einer Einheitssprache, wie sie laut Bibel am Anfang gesprochen wurde, ihr einen Schrecken einjage. \u201eWelch eine Armut w\u00e4re das\u201c, sagte die Theologin laut Predigttext. Und sie betonte: \u201eWo freie Menschen miteinander sprechen, da gibt es keine absolute Eindeutigkeit.\u201c Wo Freiheit sei, gebe es immer mehrere Deutungen, auch mehrere Wahrheiten. Vielfalt sei nicht einfach harmlos bunt und nicht einfach Freude am Anderssein. Wer das behaupte, leugne die Anstrengung in der Vielfalt. \u201eVielfalt braucht sorgf\u00e4ltige Pflege &#8211; und manchmal muss sie schlicht ausgehalten werden.\u201c<\/p>\n<p>Der Essener Bischof Overbeck verwies auf die Vielfalt der Kulturen im Ruhrgebiet, mit etwa \u00fcber 120 verschiedenen Nationen in einer Stadt. Das Ruhrgebiet sei ein \u201eLeben in der Konsequenz aus dem Turmbau zu Babel\u201c. Nicht umsonst s\u00e4hen Christen als erg\u00e4nzendes Bild zum biblischen Sprachenwirrwarr das sogenannte Pfingstwunder an, als durch den Geist Christi die Menschen wieder neu zusammen fanden. Vielfalt sei herausfordernd, \u201eaber auch stets Ausdruck unserer Freiheit\u201c, sagte Overbeck. Mehrdeutigkeit sei anstrengend, doch sie bereichere das Leben.<\/p>\n<p>Auf dem Er\u00f6ffnungsprogramm der Interkulturellen Woche unter der Schirmherrschaft des Bottroper Oberb\u00fcrgermeisters Bernhard Tischler (SPD) standen auch Tanz- und Musikdarbietungen sowie ein \u201eMarkt der Vielfalt\u201c. Unter den Rathaus-Arkaden sollte eine Kunstinstallation von Studierenden der Fachhochschule D\u00fcsseldorf aus rund 500 mit gef\u00e4rbtem Wasser gef\u00fcllten Flaschen entstehen. Pr\u00e4sentiert wurden auch Ergebnisse eines Skulpturenworkshops, den das st\u00e4dtische Referat Migration in Zusammenarbeit mit dem Josef Albers Museum Quadrat organisiert hat.<\/p>\n<p>Die bundesweite Interkulturelle Woche (IKW) findet seit 1975 statt und ist eine Initiative der Deutschen Bischofskonferenz, der Evangelischen Kirche in Deutschland (EKD) und der Griechisch-Orthodoxen Metropolie. Sie wird unterst\u00fctzt von Kirchen, Kommunen, Wohlfahrtsverb\u00e4nden, Gewerkschaften, Bildungstr\u00e4gern, Migrantenorganisationen und Religionsgemeinschaften. In \u00fcber 600 St\u00e4dten und Gemeinden gibt es rund 5.000 Veranstaltungen.<br \/>\u00a0<\/p>\n<\/div>\n","protected":false},"excerpt":{"rendered":"<p>Kurschus betonte, dass die Vorstellung einer Einheitssprache, wie sie laut Bibel am Anfang gesprochen wurde, ihr einen Schrecken einjage. \u201eWelch<\/p>\n","protected":false},"author":2,"featured_media":6103,"comment_status":"closed","ping_status":"closed","sticky":false,"template":"","format":"standard","meta":{"footnotes":""},"categories":[20],"tags":[],"_links":{"self":[{"href":"https:\/\/krankenhauspfarramt.de\/index.php\/wp-json\/wp\/v2\/posts\/6102"}],"collection":[{"href":"https:\/\/krankenhauspfarramt.de\/index.php\/wp-json\/wp\/v2\/posts"}],"about":[{"href":"https:\/\/krankenhauspfarramt.de\/index.php\/wp-json\/wp\/v2\/types\/post"}],"author":[{"embeddable":true,"href":"https:\/\/krankenhauspfarramt.de\/index.php\/wp-json\/wp\/v2\/users\/2"}],"replies":[{"embeddable":true,"href":"https:\/\/krankenhauspfarramt.de\/index.php\/wp-json\/wp\/v2\/comments?post=6102"}],"version-history":[{"count":1,"href":"https:\/\/krankenhauspfarramt.de\/index.php\/wp-json\/wp\/v2\/posts\/6102\/revisions"}],"predecessor-version":[{"id":6104,"href":"https:\/\/krankenhauspfarramt.de\/index.php\/wp-json\/wp\/v2\/posts\/6102\/revisions\/6104"}],"wp:featuredmedia":[{"embeddable":true,"href":"https:\/\/krankenhauspfarramt.de\/index.php\/wp-json\/wp\/v2\/media\/6103"}],"wp:attachment":[{"href":"https:\/\/krankenhauspfarramt.de\/index.php\/wp-json\/wp\/v2\/media?parent=6102"}],"wp:term":[{"taxonomy":"category","embeddable":true,"href":"https:\/\/krankenhauspfarramt.de\/index.php\/wp-json\/wp\/v2\/categories?post=6102"},{"taxonomy":"post_tag","embeddable":true,"href":"https:\/\/krankenhauspfarramt.de\/index.php\/wp-json\/wp\/v2\/tags?post=6102"}],"curies":[{"name":"wp","href":"https:\/\/api.w.org\/{rel}","templated":true}]}}