{"id":6117,"date":"2023-09-28T16:18:34","date_gmt":"2023-09-28T16:18:34","guid":{"rendered":"https:\/\/krankenhauspfarramt.de\/index.php\/2023\/09\/28\/jerusalem-muss-die-stadt-dreier-religionen-bleiben-ekd\/"},"modified":"2023-09-28T16:18:36","modified_gmt":"2023-09-28T16:18:36","slug":"jerusalem-muss-die-stadt-dreier-religionen-bleiben-ekd","status":"publish","type":"post","link":"https:\/\/krankenhauspfarramt.de\/index.php\/2023\/09\/28\/jerusalem-muss-die-stadt-dreier-religionen-bleiben-ekd\/","title":{"rendered":"\u201eJerusalem muss die Stadt dreier Religionen bleiben\u201c \u2013 EKD"},"content":{"rendered":"<p> <br \/>\n<\/p>\n<div id=\"\">\n<div class=\"article--meta article--meta__border clearfix\">\n<p>                                    <time datetime=\"28.09.2023 17:00\" class=\"article--time\">28.09.2023<\/time><\/p>\n<p>                                     <strong class=\"article--type primus--overline\">Pressemitteilung<\/strong><\/p>\n<picture class=\"article--source-image image\"><source srcset=\"https:\/\/www.ekd.de\/ekd_de\/ds_img\/assets\/20170622_ekd-Quellenlogo_141_rdax_423x118.png\"><!--<source srcset=\"\/ekd_de\/ds_img\/assets\/20170622_ekd-Quellenlogo_141_rdax_141x39.png 1x, \/ekd_de\/ds_img\/assets\/20170622_ekd-Quellenlogo_141_rdax_282x78.png 2x, https:\/\/www.ekd.de\/ekd_de\/ds_img\/assets\/20170622_ekd-Quellenlogo_141_rdax_423x118.png 3x\">--><\/p>\n<p>    <\/source><\/picture>\n<\/p><\/div>\n<h2 class=\"article--sub-headline primus--sub-headline\">EKD-Ratsvorsitzende empf\u00e4ngt bei Delegationsreise im Heiligen Land \u00f6kumenische Partner<\/h2>\n<\/p><\/div>\n<div id=\"\">\n<p class=\"Default\">Am zweiten Tag der Delegationsreise des Rates der Evangelischen Kirche in Deutschland (EKD) ins Heilige Land hat die EKD-Ratsvorsitzende, Annette Kurschus, die Jerusalemer \u00d6kumene im Refektorium der Propstei der Erl\u00f6serkirche empfangen.<\/p>\n<p class=\"Default\">\u201eIn Jerusalem begegnen einander die Kirchen der Welt. Und teilen diesen Ort mit Juden und Muslimen\u201c, sagte die Ratsvorsitzende in ihrer Begr\u00fc\u00dfung in Anlehnung an die Tageslosung am Vorabend des Michaelistages. \u201eWir wollen mit euch gehen, denn wir haben geh\u00f6rt, dass Gott mit euch ist.\u201c (Sach 8,23.) \u201eWenn wir mit Ihnen, wenn wir gemeinsam gehen, dann teilen wir mit dem Segen und der Freude auch die Sorgen\u201c, so Kurschus weiter. Der Blick auf die Stadt Jerusalem und auf die politischen Ereignisse im Heiligen Land f\u00fchre uns vor Augen, was der Erf\u00fcllung der Botschaft des Propheten noch entgegenstehe: \u201eW\u00e4hrend Sacharja den kommenden Frieden verhei\u00dft, wissen wir um den Unfrieden, um Hass und Gewalt, unter denen die Menschen leiden. Wir nehmen in Deutschland mit Sorge und mit Anteilnahme wahr, dass Christen im Heiligen Land wiederholten Schikanen ausgesetzt sind, wenn etwa christliche Gottesdienste verhindert werden oder die Zahl der Gl\u00e4ubigen eingeschr\u00e4nkt wird oder es zu Anfeindungen gegen Christen auf der Stra\u00dfe kommt.\u201c<\/p>\n<p class=\"Default\">\u201eF\u00fcr die Kirchen, aber auch f\u00fcr die Zivilgesellschaft werden die R\u00e4ume eng\u201c, stellte Annette Kurschus fest und versprach den Anwesenden: \u201eUnsere Delegation wird die Sorge \u00fcber die Bedrohung der christlichen Pr\u00e4senz im Heiligen Land bei Gespr\u00e4chen mit diplomatischen Vertretern Deutschlands zur Sprache bringen. Jerusalem muss die Stadt dreier Religionen bleiben, in der der Glaube ohne Einschr\u00e4nkung gelebt werden und lebendig bleiben kann.\u201c<\/p>\n<p class=\"Default\"><strong>In Israel sind folgende dreizehn christliche Kirchen staatlich anerkannt: <\/strong><\/p>\n<ul>\n<li class=\"Aufzhlung\" style=\"margin:0cm 0cm 0cm 18pt\">R\u00f6misch-Katholische Kirche<\/li>\n<li class=\"Aufzhlung\" style=\"margin:0cm 0cm 0cm 18pt\" value=\"14\">Franziskanerorden<\/li>\n<li class=\"Aufzhlung\" style=\"margin:0cm 0cm 0cm 18pt\" value=\"14\">Maronitische Kirche<\/li>\n<li class=\"Aufzhlung\" style=\"margin:0cm 0cm 0cm 18pt\" value=\"14\">Melkitische Griechisch-Katholische Kirche<\/li>\n<li class=\"Aufzhlung\" style=\"margin:0cm 0cm 0cm 18pt\" value=\"14\">Syrisch-Katholische Kirche<\/li>\n<li class=\"Aufzhlung\" style=\"margin:0cm 0cm 0cm 18pt\" value=\"14\">Armenisch-Katholische Kirche<\/li>\n<li class=\"Aufzhlung\" style=\"margin:0cm 0cm 0cm 18pt\" value=\"14\">Griechisch-Orthodoxe Kirche<\/li>\n<li class=\"Aufzhlung\" style=\"margin:0cm 0cm 0cm 18pt\" value=\"14\">\u00a0Armenisch-Apostolische Kirche<\/li>\n<li class=\"Aufzhlung\" style=\"margin:0cm 0cm 0cm 18pt\" value=\"14\">\u00a0Koptisch-Orthodoxe Kirche<\/li>\n<li class=\"Aufzhlung\" style=\"margin:0cm 0cm 0cm 18pt\" value=\"14\">Syrisch-Orthodoxe Kirche<\/li>\n<li class=\"Aufzhlung\" style=\"margin:0cm 0cm 0cm 18pt\" value=\"14\">\u00c4thiopisch-Orthodoxe Kirche<\/li>\n<li class=\"Aufzhlung\" style=\"margin:0cm 0cm 0cm 18pt\" value=\"14\">Anglikanische Kirche<\/li>\n<li class=\"Aufzhlung\" style=\"margin:0cm 0cm 0cm 18pt\" value=\"14\">Protestantische Kirche (ELCJHL)<\/li>\n<\/ul>\n<p class=\"EKDFlietext\"><span style=\"line-height:14pt\">Hannover\/Jerusalem, 28. September 2023<\/span><\/p>\n<p class=\"EKDFlietext\"><span style=\"line-height:14pt\">Pressestelle der EKD<\/span><br \/><span style=\"line-height:14pt\">Annika Lukas<\/span><\/p>\n<p class=\"EKDFlietext\">\u00a0<\/p>\n<p class=\"EKDFlietext\">\u00a0<\/p>\n<p class=\"EKDFlietext\"><span style=\"line-height:14pt\">Kontakt w\u00e4hrend der Delegationsreise des Rates: Annika Lukas (annika.lukas@ekd.de)<\/span><\/p>\n<p class=\"EKDFlietext\">\u00a0<\/p>\n<\/div>\n","protected":false},"excerpt":{"rendered":"<p>28.09.2023 Pressemitteilung EKD-Ratsvorsitzende empf\u00e4ngt bei Delegationsreise im Heiligen Land \u00f6kumenische Partner Am zweiten Tag der Delegationsreise des Rates der Evangelischen<\/p>\n","protected":false},"author":2,"featured_media":4130,"comment_status":"closed","ping_status":"closed","sticky":false,"template":"","format":"standard","meta":{"footnotes":""},"categories":[20],"tags":[],"_links":{"self":[{"href":"https:\/\/krankenhauspfarramt.de\/index.php\/wp-json\/wp\/v2\/posts\/6117"}],"collection":[{"href":"https:\/\/krankenhauspfarramt.de\/index.php\/wp-json\/wp\/v2\/posts"}],"about":[{"href":"https:\/\/krankenhauspfarramt.de\/index.php\/wp-json\/wp\/v2\/types\/post"}],"author":[{"embeddable":true,"href":"https:\/\/krankenhauspfarramt.de\/index.php\/wp-json\/wp\/v2\/users\/2"}],"replies":[{"embeddable":true,"href":"https:\/\/krankenhauspfarramt.de\/index.php\/wp-json\/wp\/v2\/comments?post=6117"}],"version-history":[{"count":1,"href":"https:\/\/krankenhauspfarramt.de\/index.php\/wp-json\/wp\/v2\/posts\/6117\/revisions"}],"predecessor-version":[{"id":6118,"href":"https:\/\/krankenhauspfarramt.de\/index.php\/wp-json\/wp\/v2\/posts\/6117\/revisions\/6118"}],"wp:featuredmedia":[{"embeddable":true,"href":"https:\/\/krankenhauspfarramt.de\/index.php\/wp-json\/wp\/v2\/media\/4130"}],"wp:attachment":[{"href":"https:\/\/krankenhauspfarramt.de\/index.php\/wp-json\/wp\/v2\/media?parent=6117"}],"wp:term":[{"taxonomy":"category","embeddable":true,"href":"https:\/\/krankenhauspfarramt.de\/index.php\/wp-json\/wp\/v2\/categories?post=6117"},{"taxonomy":"post_tag","embeddable":true,"href":"https:\/\/krankenhauspfarramt.de\/index.php\/wp-json\/wp\/v2\/tags?post=6117"}],"curies":[{"name":"wp","href":"https:\/\/api.w.org\/{rel}","templated":true}]}}