{"id":6121,"date":"2023-10-01T07:49:06","date_gmt":"2023-10-01T07:49:06","guid":{"rendered":"https:\/\/krankenhauspfarramt.de\/index.php\/2023\/10\/01\/kurschus-predigt-an-erntedank-in-jerusalem-ekd\/"},"modified":"2023-10-01T07:49:08","modified_gmt":"2023-10-01T07:49:08","slug":"kurschus-predigt-an-erntedank-in-jerusalem-ekd","status":"publish","type":"post","link":"https:\/\/krankenhauspfarramt.de\/index.php\/2023\/10\/01\/kurschus-predigt-an-erntedank-in-jerusalem-ekd\/","title":{"rendered":"Kurschus predigt an Erntedank in Jerusalem \u2013 EKD"},"content":{"rendered":"<p> <br \/>\n<\/p>\n<div id=\"\">\n<div class=\"article--meta article--meta__border clearfix\">\n<p>                                    <time datetime=\"01.10.2023 08:00\" class=\"article--time\">01.10.2023<\/time><\/p>\n<p>                                     <strong class=\"article--type primus--overline\">Pressemitteilung<\/strong><\/p>\n<picture class=\"article--source-image image\"><source srcset=\"https:\/\/www.ekd.de\/ekd_de\/ds_img\/assets\/20170622_ekd-Quellenlogo_141_rdax_423x118.png\"><!--<source srcset=\"\/ekd_de\/ds_img\/assets\/20170622_ekd-Quellenlogo_141_rdax_141x39.png 1x, \/ekd_de\/ds_img\/assets\/20170622_ekd-Quellenlogo_141_rdax_282x78.png 2x, https:\/\/www.ekd.de\/ekd_de\/ds_img\/assets\/20170622_ekd-Quellenlogo_141_rdax_423x118.png 3x\">--><\/p>\n<p>    <\/source><\/picture>\n<\/p><\/div>\n<h2 class=\"article--sub-headline primus--sub-headline\">EKD-Ratsvorsitzende predigt an Erntedank zum Beginn des 125-j\u00e4hrigen Jubil\u00e4ums der Erl\u00f6serkirche in Jerusalem<\/h2>\n<\/p><\/div>\n<div id=\"\">\n<p class=\"EKDFlietext\"><span style=\"line-height:14pt\">Mit einem festlichen Gottesdienst am heutigen Erntedanktag hat die Ratsvorsitzende der Evangelischen Kirche in Deutschland (EKD), Annette Kurschus, die Feierlichkeiten zum 125-j\u00e4hrigen Bestehen der Erl\u00f6serkirche eingeleitet. <\/span><\/p>\n<p class=\"EKDFlietext\"><span style=\"line-height:14pt\">In ihrer Predigt hob sie nicht nur den einzigartigen Ort der Kirche in der Altstadt \u2013 dort, wo christliches, muslimisches, j\u00fcdisches und armenisches Viertel zusammenkommen &#8211; hervor, sondern betonte zudem: \u201eDiese Kirche bietet R\u00e4ume, wo Menschen unterschiedlicher Gruppen, auch Menschen unterschiedlicher Konfliktparteien einander begegnen. Oft bietet sie einen dritten Raum, wo Menschen aufeinandertreffen, die sonst nicht zueinanderkommen k\u00f6nnten. Hier wird Glaube gelebt, und dabei bleiben \u2013 wie kann es anders sein \u2013 auch die politischen Konflikte nicht au\u00dfen vor, sie flie\u00dfen ein in jede Diskussion, sie werden ins Gebet genommen und Gott ans Herz gelegt.\u201c<\/span><\/p>\n<p class=\"EKDFlietext\"><span style=\"line-height:14pt\">Dass der Festmonat zum Jubil\u00e4um mit dem Erntedanktag beginnt, h\u00e4lt Kurschus f\u00fcr ein starkes Zeichen: \u201eIn diesen Tagen ist der Dank durch die Laubh\u00fctten auf den D\u00e4chern und Balkonen sichtbar und zum Greifen nah. Gestern Abend waren wir in einer Sukka zu Gast. Ein unvergessliches Erlebnis voll warmer Gastfreundschaft und sprudelnder Lebensfreude. Da habe ich mit allen Sinnen gesp\u00fcrt. Ja, unserem Tun ist Ernte verhei\u00dfen. Trotz allem, was bisweilen so vertrackt und ausweglos erscheint. Trotz allem auch, was uns in allem M\u00fchen nicht gelingt. Was wir reden und tun, was wir versuchen und beginnen, wird nicht vergeblich sein.\u201c <\/span><\/p>\n<p class=\"EKDFlietext\"><span style=\"line-height:14pt\">Seit Mittwoch ist eine Delegation des Rates der EKD unter der Leitung der Ratsvorsitzenden, Annette Kurschus, zu Besuch im Heiligen Land. Die Reise steht unter dem Titel \u201eEvangelisch in Jerusalem\u201c. Sie markiert gleichzeitig den Start der Feierlichkeiten zum 125. Jubil\u00e4um der Erl\u00f6serkirche in Jerusalem. Auf dem weiteren Programm der Delegationsreise standen neben \u00f6kumenischen Begegnungen und Gespr\u00e4chen u.a. auch ein Besuch des Auguste-Viktoria-Krankenhauses und des Programmes \u201eStudium in Israel\u201c.<\/span><\/p>\n<p class=\"EKDFlietext\"><span style=\"line-height:14pt\">Die Erl\u00f6serkirche wurde in den Jahren von 1893 bis 1898 nach Pl\u00e4nen des Architekten Friedrich Adler errichtet. Sie wurde am Reformationstag des Jahres 1898 im Beisein des deutschen Kaisers Wilhelm II. und seiner Frau Kaiserin Auguste Viktoria eingeweiht.<\/span><\/p>\n<p class=\"EKDFlietext\"><span style=\"line-height:14pt\">Weitere Informationen zur Erl\u00f6serkirche und \u201eEvangelisch in Jerusalem\u201c finden Sie hier:<strong> <\/strong>Erl\u00f6serkirche &#8211; Evangelisch in Jerusalem (evangelisch-in-jerusalem.org)<\/span><\/p>\n<p class=\"EKDFlietext\"><span style=\"line-height:14pt\">Hannover\/Jerusalem, 1. Oktober 2023<\/span><\/p>\n<p class=\"EKDFlietext\"><span style=\"line-height:14pt\">Pressestelle der EKD<\/span><br \/><span style=\"line-height:14pt\">Annika Lukas<\/span><\/p>\n<\/div>\n","protected":false},"excerpt":{"rendered":"<p>01.10.2023 Pressemitteilung EKD-Ratsvorsitzende predigt an Erntedank zum Beginn des 125-j\u00e4hrigen Jubil\u00e4ums der Erl\u00f6serkirche in Jerusalem Mit einem festlichen Gottesdienst am<\/p>\n","protected":false},"author":2,"featured_media":4250,"comment_status":"closed","ping_status":"closed","sticky":false,"template":"","format":"standard","meta":{"footnotes":""},"categories":[20],"tags":[],"_links":{"self":[{"href":"https:\/\/krankenhauspfarramt.de\/index.php\/wp-json\/wp\/v2\/posts\/6121"}],"collection":[{"href":"https:\/\/krankenhauspfarramt.de\/index.php\/wp-json\/wp\/v2\/posts"}],"about":[{"href":"https:\/\/krankenhauspfarramt.de\/index.php\/wp-json\/wp\/v2\/types\/post"}],"author":[{"embeddable":true,"href":"https:\/\/krankenhauspfarramt.de\/index.php\/wp-json\/wp\/v2\/users\/2"}],"replies":[{"embeddable":true,"href":"https:\/\/krankenhauspfarramt.de\/index.php\/wp-json\/wp\/v2\/comments?post=6121"}],"version-history":[{"count":1,"href":"https:\/\/krankenhauspfarramt.de\/index.php\/wp-json\/wp\/v2\/posts\/6121\/revisions"}],"predecessor-version":[{"id":6122,"href":"https:\/\/krankenhauspfarramt.de\/index.php\/wp-json\/wp\/v2\/posts\/6121\/revisions\/6122"}],"wp:featuredmedia":[{"embeddable":true,"href":"https:\/\/krankenhauspfarramt.de\/index.php\/wp-json\/wp\/v2\/media\/4250"}],"wp:attachment":[{"href":"https:\/\/krankenhauspfarramt.de\/index.php\/wp-json\/wp\/v2\/media?parent=6121"}],"wp:term":[{"taxonomy":"category","embeddable":true,"href":"https:\/\/krankenhauspfarramt.de\/index.php\/wp-json\/wp\/v2\/categories?post=6121"},{"taxonomy":"post_tag","embeddable":true,"href":"https:\/\/krankenhauspfarramt.de\/index.php\/wp-json\/wp\/v2\/tags?post=6121"}],"curies":[{"name":"wp","href":"https:\/\/api.w.org\/{rel}","templated":true}]}}