{"id":6127,"date":"2023-10-04T17:26:57","date_gmt":"2023-10-04T17:26:57","guid":{"rendered":"https:\/\/krankenhauspfarramt.de\/index.php\/2023\/10\/04\/29-09-2023-damit-nicht-aengste-unser-miteinander-bestimmen\/"},"modified":"2023-10-04T17:26:57","modified_gmt":"2023-10-04T17:26:57","slug":"29-09-2023-damit-nicht-aengste-unser-miteinander-bestimmen","status":"publish","type":"post","link":"https:\/\/krankenhauspfarramt.de\/index.php\/2023\/10\/04\/29-09-2023-damit-nicht-aengste-unser-miteinander-bestimmen\/","title":{"rendered":"29.09.2023 Damit nicht \u00c4ngste unser Miteinander bestimmen"},"content":{"rendered":"<p><img decoding=\"async\" src=\"https:\/\/www.elk-wue.de\/\" \/><\/p>\n<div id=\"c45354\">\n<header>\n<h2 class=\"b_is-headline\">Damit nicht \u00c4ngste unser Miteinander bestimmen<\/h2>\n<h3>Gemeinsames Wort der vier gro\u00dfen Kirchen in Baden-W\u00fcrttemberg zum Tag der Deutschen Einheit am 3. Oktober<\/h3>\n<\/header>\n<p>Freiburg\/Karlsruhe\/Rottenburg\/Stuttgart. In einem gemeinsamen Wort zum Tag der Deutschen Einheit treten die vier gro\u00dfen Kirchen in Baden-W\u00fcrttemberg f\u00fcr eine Gesellschaft ein, \u201ein der es gute Lebensperspektiven f\u00fcr alle gibt\u201c und \u201ef\u00fcr gerechte Einheit zwischen Ost und West und allen Menschen, die in unserem Land leben\u201c. Daf\u00fcr setzen die Kirchen \u201eauf einen breit angelegten Diskurs, der nicht nur Kritik \u00fcbt, sondern nach L\u00f6sungen sucht\u201c.<\/p>\n<p>Erzbischof Stephan Burger (Freiburg), Landesbisch\u00f6fin Prof. Dr. Heike Springhart (Karlsruhe), Bischof Dr. Gebhard F\u00fcrst (Rottenburg-Stuttgart), und Landesbischof Ernst-Wilhelm Gohl (Stuttgart) schreiben in ihrem gemeinsamen Wort, viele Menschen schauten \u201ebeunruhigt auf ihre Gegenwart \u2013 sei es aus Sorge um die gesicherte Existenz jetzt und im Alter, aus Sorge, in den gesellschaftlichen und politischen Debatten nicht ernst genommen und nicht geh\u00f6rt zu werden und aus Sorge darum, wie es gelingen kann, in der Gesellschaft zusammen zu bleiben. Nicht selten ist der Blick in die Zukunft angesichts von Krieg und Klimakrise pessimistisch und mit Angst besetzt.\u201c<\/p>\n<p>Die drei Bisch\u00f6fe und die Bisch\u00f6fin treten jedoch daf\u00fcr ein, \u201edass nicht \u00c4ngste unser Miteinander bestimmen. Angst l\u00e4hmt und verstellt den Blick auf das Neue, das uns eine gute Zukunft bringen kann.\u201c Die Kraft der biblischen Visionen sei, dass sie \u201enicht das Lamento ihrer Zeit verst\u00e4rken, sondern Neuland in den Blick nehmen \u2013 ja, einen neuen Himmel und eine neue Erde. \u201aDanach aber wird es geschehen, dass ich meinen Geist ausgie\u00dfe \u00fcber alles Fleisch. Eure S\u00f6hne und T\u00f6chter werden Propheten sein, eure Alten werden Tr\u00e4ume haben und eure jungen Menschen haben Visionen.\u2018 (Joel 3,1)\u201c.<\/p>\n<p>Dan Peter<br \/>Sprecher der Landeskirche<\/p>\n<p><strong>Hinweis:<\/strong> Die Pressemitteilung wird von den vier gro\u00dfen Kirchen in Baden-W\u00fcrttemberg zeitgleich versendet. Wir bitten Mehrfachsendungen zu entschuldigen.<\/p>\n<\/div>\n","protected":false},"excerpt":{"rendered":"<p>Damit nicht \u00c4ngste unser Miteinander bestimmen Gemeinsames Wort der vier gro\u00dfen Kirchen in Baden-W\u00fcrttemberg zum Tag der Deutschen Einheit am<\/p>\n","protected":false},"author":1,"featured_media":0,"comment_status":"closed","ping_status":"closed","sticky":false,"template":"","format":"standard","meta":{"footnotes":""},"categories":[21],"tags":[],"_links":{"self":[{"href":"https:\/\/krankenhauspfarramt.de\/index.php\/wp-json\/wp\/v2\/posts\/6127"}],"collection":[{"href":"https:\/\/krankenhauspfarramt.de\/index.php\/wp-json\/wp\/v2\/posts"}],"about":[{"href":"https:\/\/krankenhauspfarramt.de\/index.php\/wp-json\/wp\/v2\/types\/post"}],"author":[{"embeddable":true,"href":"https:\/\/krankenhauspfarramt.de\/index.php\/wp-json\/wp\/v2\/users\/1"}],"replies":[{"embeddable":true,"href":"https:\/\/krankenhauspfarramt.de\/index.php\/wp-json\/wp\/v2\/comments?post=6127"}],"version-history":[{"count":0,"href":"https:\/\/krankenhauspfarramt.de\/index.php\/wp-json\/wp\/v2\/posts\/6127\/revisions"}],"wp:attachment":[{"href":"https:\/\/krankenhauspfarramt.de\/index.php\/wp-json\/wp\/v2\/media?parent=6127"}],"wp:term":[{"taxonomy":"category","embeddable":true,"href":"https:\/\/krankenhauspfarramt.de\/index.php\/wp-json\/wp\/v2\/categories?post=6127"},{"taxonomy":"post_tag","embeddable":true,"href":"https:\/\/krankenhauspfarramt.de\/index.php\/wp-json\/wp\/v2\/tags?post=6127"}],"curies":[{"name":"wp","href":"https:\/\/api.w.org\/{rel}","templated":true}]}}