{"id":6136,"date":"2023-10-04T22:12:28","date_gmt":"2023-10-04T22:12:28","guid":{"rendered":"https:\/\/krankenhauspfarramt.de\/index.php\/2023\/10\/04\/stehenbleiben-ist-keine-option-ekd\/"},"modified":"2023-10-04T22:12:31","modified_gmt":"2023-10-04T22:12:31","slug":"stehenbleiben-ist-keine-option-ekd","status":"publish","type":"post","link":"https:\/\/krankenhauspfarramt.de\/index.php\/2023\/10\/04\/stehenbleiben-ist-keine-option-ekd\/","title":{"rendered":"\u201eStehenbleiben ist keine Option\u201c \u2013 EKD"},"content":{"rendered":"<p> <br \/>\n<\/p>\n<div id=\"\">\n<div class=\"article--meta article--meta__border clearfix\">\n<p>                                    <time datetime=\"04.10.2023 07:00\" class=\"article--time\">04.10.2023<\/time><\/p>\n<p>                                     <strong class=\"article--type primus--overline\">Pressemitteilung<\/strong><\/p>\n<picture class=\"article--source-image image\"><source srcset=\"https:\/\/www.ekd.de\/ekd_de\/ds_img\/assets\/20170622_ekd-Quellenlogo_141_rdax_423x118.png\"><!--<source srcset=\"\/ekd_de\/ds_img\/assets\/20170622_ekd-Quellenlogo_141_rdax_141x39.png 1x, \/ekd_de\/ds_img\/assets\/20170622_ekd-Quellenlogo_141_rdax_282x78.png 2x, https:\/\/www.ekd.de\/ekd_de\/ds_img\/assets\/20170622_ekd-Quellenlogo_141_rdax_423x118.png 3x\">--><\/p>\n<p>    <\/source><\/picture>\n<\/p><\/div>\n<h2 class=\"article--sub-headline primus--sub-headline\">Anna-Nicole Heinrich besucht Kirche von Schweden: \u201eBrauchen Menschen wie Pippi Langstrumpf und Michel aus L\u00f6nneberga\u201c <\/h2>\n<\/p><\/div>\n<div id=\"\">\n<p>Zu Mut und Ver\u00e4nderungsbereitschaft bei den aktuellen Umbr\u00fcchen in Kirche und Gesellschaft hat die Pr\u00e4ses der Synode der Evangelischen Kirche in Deutschland (EKD), Anna-Nicole Heinrich bei einem Besuch der Kirche von Schweden aufgerufen. \u201eUnsere Gesellschaften sind im Umbruch \u2013 die Pandemie, der Krieg gegen die Ukraine und vor allem die Klimakrise. Stehenbleiben ist keine Option. Wir m\u00fcssen uns ver\u00e4ndern\u201c, so Heinrich in einem Gru\u00dfwort bei der Er\u00f6ffnung der Synode der Kirche von Schweden im Dom zu Uppsala. \u201eUnsere Gesellschaften m\u00fcssen sich ver\u00e4ndern. Die Bibel ist voll von Geschichten der Ver\u00e4nderung, der Umkehr, des Neuanfangs.\u201c Ver\u00e4nderung sei ein Kennzeichen der evangelischen Kirche und des Christentums, erfordere aber auch eine hohe Fehlertoleranz: \u201eF\u00fcr mich ist \u201atrial and error\u2018 Teil des Evangeliums.\u201c Dazu m\u00fcsse es auch &#8222;freie Radikale&#8220; geben: \u201ePersonen und Gruppen, die etwas Neues ausprobieren wollen, die mit dem Bestehenden nicht zufrieden sind und etwas Neues suchen und daf\u00fcr Raum und Vertrauen brauchen\u201c, so Pr\u00e4ses Heinrich. \u201eWir brauchen Menschen wie Pippi Langstrumpf oder Michel aus L\u00f6nneberga\u201c, so Heinrich vor der schwedischen Synode und Kronprinzessin Victoria von Schweden.<\/p>\n<p>Heinrich war auf Einladung der Vorsitzenden der Synode der Kirche von Schweden, Karin Perers, f\u00fcr drei Tage nach Schweden gereist. Im Mittelpunkt der Gespr\u00e4che in Stockholm und Uppsala stand der Austausch \u00fcber den kirchlichen Umgang mit der Klimakatastrophe. Pr\u00e4ses Heinrich informierte sich \u00fcber die weitreichenden Schritte, die die Kirche von Schweden bei der Umsetzung ihrer Klimaschutzprogramme unternommen hat. Die Erfahrungen will Heinrich im November in die Synodentagung der EKD in Ulm einbringen, wo die Synodalen den Stand Umsetzung der Klimaschutzrichtlinie der EKD beraten werden. In ihren Gespr\u00e4chen mit dem Leitenden Bischof der Kirche von Schweden Erzbischof Martin Mod\u00e9us und dem Pr\u00e4sidium der Synode, betonte sie die Bedeutung der Partnerschaft: \u201eWir sind ein B\u00fcndnis gegen Renationalisierung und un\u00fcberwindbare Grenzen in Europa\u201c. Zuvor hatte Heinrich die deutschsprachige St. Getrud Gemeinde in Stockholm besucht.<\/p>\n<p class=\"EKDFlietext\"><span style=\"line-height:14pt\">Hannover, 4. Oktober<\/span><\/p>\n<p class=\"EKDFlietext\"><span style=\"line-height:14pt\">Pressestelle der EKD<\/span><br \/><span style=\"line-height:14pt\">Carsten Splitt<\/span><\/p>\n<\/div>\n","protected":false},"excerpt":{"rendered":"<p>04.10.2023 Pressemitteilung Anna-Nicole Heinrich besucht Kirche von Schweden: \u201eBrauchen Menschen wie Pippi Langstrumpf und Michel aus L\u00f6nneberga\u201c Zu Mut und<\/p>\n","protected":false},"author":2,"featured_media":6137,"comment_status":"closed","ping_status":"closed","sticky":false,"template":"","format":"standard","meta":{"footnotes":""},"categories":[20],"tags":[],"_links":{"self":[{"href":"https:\/\/krankenhauspfarramt.de\/index.php\/wp-json\/wp\/v2\/posts\/6136"}],"collection":[{"href":"https:\/\/krankenhauspfarramt.de\/index.php\/wp-json\/wp\/v2\/posts"}],"about":[{"href":"https:\/\/krankenhauspfarramt.de\/index.php\/wp-json\/wp\/v2\/types\/post"}],"author":[{"embeddable":true,"href":"https:\/\/krankenhauspfarramt.de\/index.php\/wp-json\/wp\/v2\/users\/2"}],"replies":[{"embeddable":true,"href":"https:\/\/krankenhauspfarramt.de\/index.php\/wp-json\/wp\/v2\/comments?post=6136"}],"version-history":[{"count":1,"href":"https:\/\/krankenhauspfarramt.de\/index.php\/wp-json\/wp\/v2\/posts\/6136\/revisions"}],"predecessor-version":[{"id":6138,"href":"https:\/\/krankenhauspfarramt.de\/index.php\/wp-json\/wp\/v2\/posts\/6136\/revisions\/6138"}],"wp:featuredmedia":[{"embeddable":true,"href":"https:\/\/krankenhauspfarramt.de\/index.php\/wp-json\/wp\/v2\/media\/6137"}],"wp:attachment":[{"href":"https:\/\/krankenhauspfarramt.de\/index.php\/wp-json\/wp\/v2\/media?parent=6136"}],"wp:term":[{"taxonomy":"category","embeddable":true,"href":"https:\/\/krankenhauspfarramt.de\/index.php\/wp-json\/wp\/v2\/categories?post=6136"},{"taxonomy":"post_tag","embeddable":true,"href":"https:\/\/krankenhauspfarramt.de\/index.php\/wp-json\/wp\/v2\/tags?post=6136"}],"curies":[{"name":"wp","href":"https:\/\/api.w.org\/{rel}","templated":true}]}}