{"id":6139,"date":"2023-10-05T10:02:29","date_gmt":"2023-10-05T10:02:29","guid":{"rendered":"https:\/\/krankenhauspfarramt.de\/index.php\/2023\/10\/05\/acht-medienproduktionen-mit-robert-geisendoerfer-preis-ausgezeichnet-ekd\/"},"modified":"2023-10-05T10:02:31","modified_gmt":"2023-10-05T10:02:31","slug":"acht-medienproduktionen-mit-robert-geisendoerfer-preis-ausgezeichnet-ekd","status":"publish","type":"post","link":"https:\/\/krankenhauspfarramt.de\/index.php\/2023\/10\/05\/acht-medienproduktionen-mit-robert-geisendoerfer-preis-ausgezeichnet-ekd\/","title":{"rendered":"Acht Medienproduktionen mit Robert Geisend\u00f6rfer Preis ausgezeichnet \u2013 EKD"},"content":{"rendered":"<p> <br \/>\n<\/p>\n<div>\n<p>Im Bereich der \u201eKindermedien\u201c wurden das H\u00f6rspiel \u201eDer sch\u00f6nste Tag im Leben\u201c (RBB\/NDR) von Andreas Kaufmann und Bernhard Sch\u00fctz und die Dokuserie \u201e#Ukraine &#8211; mein Land im Krieg\u201c (Radio Bremen\/SWR\/MDR\/HR\/Kika) von Susanne Brahms, Mitya Churikov und Michaela Herold ausgezeichnet. In der zehnteiligen Dokureihe erz\u00e4hlen Kinder aus der Ukraine von ihrem Alltag im Krieg. Laut Jury verdeutlicht die Serie, was Krieg bedeutet, ohne dabei \u00c4ngste zu sch\u00fcren.<\/p>\n<p>Andr\u00e9 Dietz, Sascha Gr\u00f6hl, Tim M\u00e4lzer und die K\u00fcchencrew wurden im Bereich Fernsehen f\u00fcr das Dokuprojekt \u201eZum Schwarzw\u00e4lder Hirsch\u201c (VOX) ausgezeichnet. In dem Format geht es um 13 Menschen mit Downsyndrom, die Fertigkeiten in der K\u00fcche und im Service eines Inklusionsbetriebs lernen. Die Serie sei \u201eein Lehrst\u00fcck der W\u00fcrde und Humanit\u00e4t und hervorragendes Fernsehen\u201c, urteilte die Jury.<\/p>\n<p>Der Sonderpreis ging an Isabell Suba und Catalina Fl\u00f3rez f\u00fcr das Mentoring-Programm f\u00fcr junge Filmemacherinnen \u201eInto the Wild\u201c. Der Jury zufolge wird der Filmnachwuchs in Deutschland selten so \u201ekonsequent und zielgerichtet\u201c gef\u00f6rdert wie bei diesem Programm. \u201eInto the Wild\u201c vernetze Absolventinnen aller Filmhochschulen in Deutschland mit Mentorinnen aus der Branche und erleichtere so den Einstieg in ein immer noch stark m\u00e4nnlich gepr\u00e4gtes Arbeitsumfeld. Die Preise sind jeweils mit 5.000 Euro dotiert, der Sonderpreis ist undotiert.<\/p>\n<p>Der Robert Geisend\u00f6rfer Preis ist der Medienpreis der evangelischen Kirche f\u00fcr H\u00f6rfunk und Fernsehen und seit 2022 auch f\u00fcr Online-Formate. Er wird im Gedenken an den christlichen Publizisten Robert Geisend\u00f6rfer vergeben. Das GEP, dem die organisatorische Betreuung des Preises obliegt, ist die zentrale Medieneinrichtung der EKD, ihrer Landeskirchen und Werke sowie der evangelischen Freikirchen. Zum GEP geh\u00f6rt unter anderem die Zentralredaktion des Evangelischen Pressedienstes (epd).<\/p>\n<\/p><\/div>\n","protected":false},"excerpt":{"rendered":"<p>Im Bereich der \u201eKindermedien\u201c wurden das H\u00f6rspiel \u201eDer sch\u00f6nste Tag im Leben\u201c (RBB\/NDR) von Andreas Kaufmann und Bernhard Sch\u00fctz und<\/p>\n","protected":false},"author":2,"featured_media":4068,"comment_status":"closed","ping_status":"closed","sticky":false,"template":"","format":"standard","meta":{"footnotes":""},"categories":[20],"tags":[],"_links":{"self":[{"href":"https:\/\/krankenhauspfarramt.de\/index.php\/wp-json\/wp\/v2\/posts\/6139"}],"collection":[{"href":"https:\/\/krankenhauspfarramt.de\/index.php\/wp-json\/wp\/v2\/posts"}],"about":[{"href":"https:\/\/krankenhauspfarramt.de\/index.php\/wp-json\/wp\/v2\/types\/post"}],"author":[{"embeddable":true,"href":"https:\/\/krankenhauspfarramt.de\/index.php\/wp-json\/wp\/v2\/users\/2"}],"replies":[{"embeddable":true,"href":"https:\/\/krankenhauspfarramt.de\/index.php\/wp-json\/wp\/v2\/comments?post=6139"}],"version-history":[{"count":1,"href":"https:\/\/krankenhauspfarramt.de\/index.php\/wp-json\/wp\/v2\/posts\/6139\/revisions"}],"predecessor-version":[{"id":6140,"href":"https:\/\/krankenhauspfarramt.de\/index.php\/wp-json\/wp\/v2\/posts\/6139\/revisions\/6140"}],"wp:featuredmedia":[{"embeddable":true,"href":"https:\/\/krankenhauspfarramt.de\/index.php\/wp-json\/wp\/v2\/media\/4068"}],"wp:attachment":[{"href":"https:\/\/krankenhauspfarramt.de\/index.php\/wp-json\/wp\/v2\/media?parent=6139"}],"wp:term":[{"taxonomy":"category","embeddable":true,"href":"https:\/\/krankenhauspfarramt.de\/index.php\/wp-json\/wp\/v2\/categories?post=6139"},{"taxonomy":"post_tag","embeddable":true,"href":"https:\/\/krankenhauspfarramt.de\/index.php\/wp-json\/wp\/v2\/tags?post=6139"}],"curies":[{"name":"wp","href":"https:\/\/api.w.org\/{rel}","templated":true}]}}