{"id":6141,"date":"2023-10-05T10:17:37","date_gmt":"2023-10-05T10:17:37","guid":{"rendered":"https:\/\/krankenhauspfarramt.de\/index.php\/2023\/10\/05\/spitzentreffen-von-evangelischer-kirche-und-koordinationsrat-der-muslime-ekd\/"},"modified":"2023-10-05T10:17:42","modified_gmt":"2023-10-05T10:17:42","slug":"spitzentreffen-von-evangelischer-kirche-und-koordinationsrat-der-muslime-ekd","status":"publish","type":"post","link":"https:\/\/krankenhauspfarramt.de\/index.php\/2023\/10\/05\/spitzentreffen-von-evangelischer-kirche-und-koordinationsrat-der-muslime-ekd\/","title":{"rendered":"Spitzentreffen von Evangelischer Kirche und Koordinationsrat der Muslime \u2013 EKD"},"content":{"rendered":"<p> <br \/>\n<\/p>\n<div id=\"\">\n<div class=\"article--meta article--meta__border clearfix\">\n<p>                                    <time datetime=\"05.10.2023 10:00\" class=\"article--time\">05.10.2023<\/time><\/p>\n<p>                                     <strong class=\"article--type primus--overline\">Pressemitteilung<\/strong><\/p>\n<picture class=\"article--source-image image\"><source srcset=\"https:\/\/www.ekd.de\/ekd_de\/ds_img\/assets\/20170622_ekd-Quellenlogo_141_rdax_423x118.png\"><!--<source srcset=\"\/ekd_de\/ds_img\/assets\/20170622_ekd-Quellenlogo_141_rdax_141x39.png 1x, \/ekd_de\/ds_img\/assets\/20170622_ekd-Quellenlogo_141_rdax_282x78.png 2x, https:\/\/www.ekd.de\/ekd_de\/ds_img\/assets\/20170622_ekd-Quellenlogo_141_rdax_423x118.png 3x\">--><\/p>\n<p>    <\/source><\/picture>\n<\/p><\/div>\n<h2 class=\"article--sub-headline primus--sub-headline\">EKD und KRM tauschen sich \u00fcber die Qualifizierungsformate f\u00fcr den theologischen Nachwuchs aus<\/h2>\n<\/p><\/div>\n<div id=\"\">\n<p>Vertreterinnen und Vertreter der Evangelischen Kirche in Deutschland (EKD) und des Koordinationsrates der Muslime (KRM) sind am gestrigen Mittwoch in Hannover zu ihrem j\u00e4hrlichen Treffen zusammengekommen. Im Mittelpunkt des Treffens stand der Austausch \u00fcber die Ausbildung des theologischen Nachwuchses. Der Bedarf an religi\u00f6sem Personal ist sowohl auf der kirchlichen wie auf der Seite der islamischen Religionsgemeinschaften gro\u00df. Bei dem Austausch wurde deutlich, dass an die Imame und des religi\u00f6sen Personals in Deutschland inzwischen eine ver\u00e4nderte Rollenerwartung herangetragen wird. Es brauche zus\u00e4tzliche Ausbildungsformate, damit sie den Bed\u00fcrfnissen der Moscheegemeinden und Muslime in Deutschland gerecht werden k\u00f6nnen. Hier gehen die muslimischen Verb\u00e4nde in j\u00fcngster Zeit teilweise unterschiedliche Wege. Im Bereich der EKD werden derzeit bisherige Konzeptionen der Vikars- und Vikarinnenausbildung \u00fcberarbeitet und teilweise neu aufgelegt. Der Austausch \u00fcber die Ausbildungsformate war informativ und konstruktiv. EKD und KRM haben verabredet, in Zukunft Fortbildungsangebote f\u00fcr Pfarrer, Pfarrerinnen und Imame anzubieten, die auch der gegenseitigen Vertrauensbildung dienen.<\/p>\n<p>Ein weiterer thematischer Schwerpunkt war das Erstarken des Rechtspopulismus und die damit einhergehenden Angriffe auf die Demokratie. Die Teilnehmenden waren sich einig, dass die interreligi\u00f6se Verst\u00e4ndigung ein gro\u00dfes Potential f\u00fcr ein gutes Zusammenleben in der pluralen, offenen Gesellschaft hat. Diese erhalte sich nicht von selbst, weder in den christlichen noch in den muslimischen Religionsgemeinschaften. Die Ratsvorsitzende der EKD, Annette Kurschus, betonte: \u201eRassistische, antisemitische oder islamophobe \u00c4u\u00dferungen vertragen sich nicht mit Gottes Liebe. Ausnahmslos jeder Mensch \u2013 egal welcher Religion, welcher Herkunft, welcher Hautfarbe und welchen Geschlechts \u2013 soll in Freiheit und W\u00fcrde leben k\u00f6nnen.\u201c Die EKD und der Koordinationsrat der Muslime versicherten sich gegenseitig, alles in ihrer Macht Stehende zu tun, um eine interreligi\u00f6se Haltung in ihren Religionsgemeinschaften zu st\u00e4rken. Der Vertreter des KRM Musa Ferati f\u00fcgte hinzu: \u201eDie Haltung der Religionsgemeinschaften im Hinblick auf die freiheitlich-demokratischen Werte darf durch die \u00f6kologischen, \u00f6konomischen und sozialen Herausforderungen unserer Zeit nicht vernachl\u00e4ssigt werden. Es bedarf des Zusammenhaltes und der Geschwisterlichkeit. Gemeinsam setzen wir seit 2005 Impulse f\u00fcr eine Haltung der Solidarit\u00e4t und Geschwisterlichkeit in unserer Gesellschaft.\u201c<\/p>\n<p>Das Spitzengespr\u00e4ch zwischen EKD und muslimischen Verb\u00e4nden findet seit 2005 mit je wechselnder Gastgeberschaft statt.<\/p>\n<p>Hannover, 5. Oktober 2023<\/p>\n<p class=\"EKDAdressdaten\">Pressestelle der EKD<br \/>Carsten Splitt<\/p>\n<\/div>\n","protected":false},"excerpt":{"rendered":"<p>05.10.2023 Pressemitteilung EKD und KRM tauschen sich \u00fcber die Qualifizierungsformate f\u00fcr den theologischen Nachwuchs aus Vertreterinnen und Vertreter der Evangelischen<\/p>\n","protected":false},"author":2,"featured_media":6142,"comment_status":"closed","ping_status":"closed","sticky":false,"template":"","format":"standard","meta":{"footnotes":""},"categories":[20],"tags":[],"_links":{"self":[{"href":"https:\/\/krankenhauspfarramt.de\/index.php\/wp-json\/wp\/v2\/posts\/6141"}],"collection":[{"href":"https:\/\/krankenhauspfarramt.de\/index.php\/wp-json\/wp\/v2\/posts"}],"about":[{"href":"https:\/\/krankenhauspfarramt.de\/index.php\/wp-json\/wp\/v2\/types\/post"}],"author":[{"embeddable":true,"href":"https:\/\/krankenhauspfarramt.de\/index.php\/wp-json\/wp\/v2\/users\/2"}],"replies":[{"embeddable":true,"href":"https:\/\/krankenhauspfarramt.de\/index.php\/wp-json\/wp\/v2\/comments?post=6141"}],"version-history":[{"count":1,"href":"https:\/\/krankenhauspfarramt.de\/index.php\/wp-json\/wp\/v2\/posts\/6141\/revisions"}],"predecessor-version":[{"id":6143,"href":"https:\/\/krankenhauspfarramt.de\/index.php\/wp-json\/wp\/v2\/posts\/6141\/revisions\/6143"}],"wp:featuredmedia":[{"embeddable":true,"href":"https:\/\/krankenhauspfarramt.de\/index.php\/wp-json\/wp\/v2\/media\/6142"}],"wp:attachment":[{"href":"https:\/\/krankenhauspfarramt.de\/index.php\/wp-json\/wp\/v2\/media?parent=6141"}],"wp:term":[{"taxonomy":"category","embeddable":true,"href":"https:\/\/krankenhauspfarramt.de\/index.php\/wp-json\/wp\/v2\/categories?post=6141"},{"taxonomy":"post_tag","embeddable":true,"href":"https:\/\/krankenhauspfarramt.de\/index.php\/wp-json\/wp\/v2\/tags?post=6141"}],"curies":[{"name":"wp","href":"https:\/\/api.w.org\/{rel}","templated":true}]}}