{"id":6152,"date":"2023-10-06T11:09:05","date_gmt":"2023-10-06T11:09:05","guid":{"rendered":"https:\/\/krankenhauspfarramt.de\/index.php\/2023\/10\/06\/weigt-blaetgen-neue-vorsitzende-der-evangelischen-frauen-ekd\/"},"modified":"2023-10-06T11:09:08","modified_gmt":"2023-10-06T11:09:08","slug":"weigt-blaetgen-neue-vorsitzende-der-evangelischen-frauen-ekd","status":"publish","type":"post","link":"https:\/\/krankenhauspfarramt.de\/index.php\/2023\/10\/06\/weigt-blaetgen-neue-vorsitzende-der-evangelischen-frauen-ekd\/","title":{"rendered":"Weigt-Bl\u00e4tgen neue Vorsitzende der Evangelischen Frauen \u2013 EKD"},"content":{"rendered":"<p> <br \/>\n<\/p>\n<div id=\"\">\n<p style=\"margin-left:0cm; margin-right:0cm\">Hannover (epd). Die Theologin Angelika Weigt-Bl\u00e4tgen ist neue Vorsitzende des Dachverbands Evangelische Frauen (EFiD) in Deutschland. Die ehemalige leitende Pfarrerin der Frauenhilfe Westfalen und Vorsitzende der Evangelischen Konferenz Diakonie und Entwicklung sei von der Mitgliederversammlung gew\u00e4hlt worden, teilte der Verband am Donnerstag in Hannover mit. Zur Stellvertreterin sei die langj\u00e4hrige Vorsitzende Susanne Kahl-Passoth bestimmt worden. Das insgesamt sechsk\u00f6pfige neue Pr\u00e4sidium werde am Freitag von der Landesbisch\u00f6fin der badischen Landeskirche, Heike Springhart, eingef\u00fchrt.<\/p>\n<p style=\"margin-left:0cm; margin-right:0cm\">Weigt-Bl\u00e4tgen betonte, der Verband werde sich auch in Zukunft in gesellschaftliche Debatten einmischen, wenn es etwa um Armut, Gewalt, Rassismus oder Sexismus gehe. Dazu habe er den starken R\u00fcckhalt seiner insgesamt 37 Mitgliedsorganisationen. Zuletzt h\u00e4tten die Evangelischen Frauen sich bei den Themen Selbstbestimmungsgesetz und zur Regelung des Schwangerschaftsabbruchs in Paragraf 218 des Strafgesetzbuchs zu Wort gemeldet.<\/p>\n<\/div>\n","protected":false},"excerpt":{"rendered":"<p>Hannover (epd). Die Theologin Angelika Weigt-Bl\u00e4tgen ist neue Vorsitzende des Dachverbands Evangelische Frauen (EFiD) in Deutschland. Die ehemalige leitende Pfarrerin<\/p>\n","protected":false},"author":2,"featured_media":6153,"comment_status":"closed","ping_status":"closed","sticky":false,"template":"","format":"standard","meta":{"footnotes":""},"categories":[20],"tags":[],"_links":{"self":[{"href":"https:\/\/krankenhauspfarramt.de\/index.php\/wp-json\/wp\/v2\/posts\/6152"}],"collection":[{"href":"https:\/\/krankenhauspfarramt.de\/index.php\/wp-json\/wp\/v2\/posts"}],"about":[{"href":"https:\/\/krankenhauspfarramt.de\/index.php\/wp-json\/wp\/v2\/types\/post"}],"author":[{"embeddable":true,"href":"https:\/\/krankenhauspfarramt.de\/index.php\/wp-json\/wp\/v2\/users\/2"}],"replies":[{"embeddable":true,"href":"https:\/\/krankenhauspfarramt.de\/index.php\/wp-json\/wp\/v2\/comments?post=6152"}],"version-history":[{"count":1,"href":"https:\/\/krankenhauspfarramt.de\/index.php\/wp-json\/wp\/v2\/posts\/6152\/revisions"}],"predecessor-version":[{"id":6154,"href":"https:\/\/krankenhauspfarramt.de\/index.php\/wp-json\/wp\/v2\/posts\/6152\/revisions\/6154"}],"wp:featuredmedia":[{"embeddable":true,"href":"https:\/\/krankenhauspfarramt.de\/index.php\/wp-json\/wp\/v2\/media\/6153"}],"wp:attachment":[{"href":"https:\/\/krankenhauspfarramt.de\/index.php\/wp-json\/wp\/v2\/media?parent=6152"}],"wp:term":[{"taxonomy":"category","embeddable":true,"href":"https:\/\/krankenhauspfarramt.de\/index.php\/wp-json\/wp\/v2\/categories?post=6152"},{"taxonomy":"post_tag","embeddable":true,"href":"https:\/\/krankenhauspfarramt.de\/index.php\/wp-json\/wp\/v2\/tags?post=6152"}],"curies":[{"name":"wp","href":"https:\/\/api.w.org\/{rel}","templated":true}]}}