{"id":6160,"date":"2023-10-08T12:51:49","date_gmt":"2023-10-08T12:51:49","guid":{"rendered":"https:\/\/krankenhauspfarramt.de\/index.php\/2023\/10\/08\/froh-und-mutig-kirche-sein-ueber-alle-grenzen-hinweg-ekd\/"},"modified":"2023-10-08T12:51:55","modified_gmt":"2023-10-08T12:51:55","slug":"froh-und-mutig-kirche-sein-ueber-alle-grenzen-hinweg-ekd","status":"publish","type":"post","link":"https:\/\/krankenhauspfarramt.de\/index.php\/2023\/10\/08\/froh-und-mutig-kirche-sein-ueber-alle-grenzen-hinweg-ekd\/","title":{"rendered":"\u201eFroh und mutig Kirche sein, \u00fcber alle Grenzen hinweg\u201c \u2013 EKD"},"content":{"rendered":"<p> <br \/>\n<\/p>\n<div id=\"\">\n<div class=\"article--meta article--meta__border clearfix\">\n<p>                                    <time datetime=\"08.10.2023 10:00\" class=\"article--time\">08.10.2023<\/time><\/p>\n<p>                                     <strong class=\"article--type primus--overline\">Pressemitteilung<\/strong><\/p>\n<picture class=\"article--source-image image\"><source srcset=\"https:\/\/www.ekd.de\/ekd_de\/ds_img\/assets\/20170622_ekd-Quellenlogo_141_rdax_423x118.png\"><!--<source srcset=\"\/ekd_de\/ds_img\/assets\/20170622_ekd-Quellenlogo_141_rdax_141x39.png 1x, \/ekd_de\/ds_img\/assets\/20170622_ekd-Quellenlogo_141_rdax_282x78.png 2x, https:\/\/www.ekd.de\/ekd_de\/ds_img\/assets\/20170622_ekd-Quellenlogo_141_rdax_423x118.png 3x\">--><\/p>\n<p>    <\/source><\/picture>\n<\/p><\/div>\n<h2 class=\"article--sub-headline primus--sub-headline\">EKD-Auslandsbisch\u00f6fin Bosse-Huber predigt im Festgottesdienst in einer der \u00e4ltesten deutschsprachigen Gemeinden weltweit<\/h2>\n<\/p><\/div>\n<div id=\"\">\n<p class=\"EKDFlietext\"><span style=\"line-height:14pt\">In ihrer Gratulation zum 400. Jubil\u00e4um der Christinengemeinde in G\u00f6teborg hat die Auslandsbisch\u00f6fin der Evangelischen Kirche in Deutschland (EKD), Petra Bosse-Huber, an die bewegte Geschichte der deutschsprachigen Gemeinde erinnert. Die Gr\u00fcndung der Gemeinde falle in eine Zeit, in der evangelische Fl\u00fcchtlinge aus den Niederlanden, dem Deutschen Reich und aus England vor dem 30-j\u00e4hrigen Krieg nach Schweden flohen und mithalfen die Stadt G\u00f6teborg zu bauen. \u201eGegen\u00fcber der schrecklichen Schattenseite des Krieges und der Verfolgung ist das gelungen und es entstand eine europ\u00e4ische Stadt\u201c, so Bosse-Huber am Sonntag in dem Festgottesdienst in G\u00f6teborg. \u201eWir schauen dankbar darauf, dass dies damals so m\u00f6glich war, und dass es heute noch tr\u00e4gt. Ihre Christinengemeinde gibt es nunmehr 400 Jahre und Sie sind Teil der Schwedischen Kirche\u201c, sagte die Auslandsbisch\u00f6fin.<\/span><\/p>\n<p class=\"EKDFlietext\"><span style=\"line-height:14pt\">\u201eZugleich erleben wir heute wieder einen Krieg in Europa, den Angriffskrieg Russlands gegen die Ukraine. Schweden wie Deutschland haben viele Fl\u00fcchtlinge aus der Ukraine aufgenommen, und unsere Kirchengemeinden waren und sind aktiv, diesen Menschen zu helfen. Wir beten um Frieden. Und zugleich wissen wir derzeit nicht, was aus alledem erwachsen wird\u201c, so Bosse-Huber in ihrem Gru\u00dfwort in der G\u00f6teborger Christinenkirche. \u201eDer Blick auf Ihre Geschichte und die Geschichte G\u00f6teborgs kann uns Mut und Zuversicht geben f\u00fcr unsere Tage und die un\u00fcbersichtlichen Herausforderungen unserer Zeit.\u201c Die Zusage Gottes, dass er mit seiner Kirche sein wird bis ans Ende aller Tage, sei eine Best\u00e4rkung darin, froh und mutig Kirche zu sein, \u201e\u00fcber alle Grenzen hinweg\u201c, so die Auslandsbisch\u00f6fin in der G\u00f6teborger Christinenkirche. Zugleich w\u00fcrdigte sie die enge Verbindung zwischen der Schwedischen Kirche und der EKD. Auf der EKD-Synode im November in Ulm wird Erzbischof Martin Mod\u00e9us ein Gru\u00dfwort sprechen.<\/span><\/p>\n<p class=\"EKDFlietext\"><span style=\"line-height:14pt\">Am 4. Juni 1621 erteilte K\u00f6nig Gustav II. Adolf G\u00f6teborg die Stadtrechte und das Recht, eine deutsche Gemeinde zu gr\u00fcnden, was im Jahr 1623 erfolgte. Seine Tochter, K\u00f6nigin Christina bewilligte der Gemeinde den Bau einer Kirche aus Stein und unterst\u00fctzte diesen finanziell. Die Christinenkirche ist zentral in G\u00f6teborg gelegen. Bevor die K\u00f6nigin auf den Thron verzichtete und zum Katholizismus in Rom \u00fcbertrat, verb\u00fcrgte sie in einem Privilegienbrief der Gemeinde ihren Bestand \u201ein Ewigkeit\u201c.<\/span><\/p>\n<p class=\"EKDFlietext\"><span style=\"line-height:14pt\">Hannover, 8. Oktober<\/span><\/p>\n<p class=\"EKDFlietext\"><span style=\"line-height:14pt\">Pressestelle der EKD<\/span><br \/><span style=\"line-height:14pt\">Carsten Splitt<\/span><\/p>\n<\/div>\n","protected":false},"excerpt":{"rendered":"<p>08.10.2023 Pressemitteilung EKD-Auslandsbisch\u00f6fin Bosse-Huber predigt im Festgottesdienst in einer der \u00e4ltesten deutschsprachigen Gemeinden weltweit In ihrer Gratulation zum 400. Jubil\u00e4um<\/p>\n","protected":false},"author":2,"featured_media":6161,"comment_status":"closed","ping_status":"closed","sticky":false,"template":"","format":"standard","meta":{"footnotes":""},"categories":[20],"tags":[],"_links":{"self":[{"href":"https:\/\/krankenhauspfarramt.de\/index.php\/wp-json\/wp\/v2\/posts\/6160"}],"collection":[{"href":"https:\/\/krankenhauspfarramt.de\/index.php\/wp-json\/wp\/v2\/posts"}],"about":[{"href":"https:\/\/krankenhauspfarramt.de\/index.php\/wp-json\/wp\/v2\/types\/post"}],"author":[{"embeddable":true,"href":"https:\/\/krankenhauspfarramt.de\/index.php\/wp-json\/wp\/v2\/users\/2"}],"replies":[{"embeddable":true,"href":"https:\/\/krankenhauspfarramt.de\/index.php\/wp-json\/wp\/v2\/comments?post=6160"}],"version-history":[{"count":1,"href":"https:\/\/krankenhauspfarramt.de\/index.php\/wp-json\/wp\/v2\/posts\/6160\/revisions"}],"predecessor-version":[{"id":6162,"href":"https:\/\/krankenhauspfarramt.de\/index.php\/wp-json\/wp\/v2\/posts\/6160\/revisions\/6162"}],"wp:featuredmedia":[{"embeddable":true,"href":"https:\/\/krankenhauspfarramt.de\/index.php\/wp-json\/wp\/v2\/media\/6161"}],"wp:attachment":[{"href":"https:\/\/krankenhauspfarramt.de\/index.php\/wp-json\/wp\/v2\/media?parent=6160"}],"wp:term":[{"taxonomy":"category","embeddable":true,"href":"https:\/\/krankenhauspfarramt.de\/index.php\/wp-json\/wp\/v2\/categories?post=6160"},{"taxonomy":"post_tag","embeddable":true,"href":"https:\/\/krankenhauspfarramt.de\/index.php\/wp-json\/wp\/v2\/tags?post=6160"}],"curies":[{"name":"wp","href":"https:\/\/api.w.org\/{rel}","templated":true}]}}