{"id":6163,"date":"2023-10-09T12:38:28","date_gmt":"2023-10-09T12:38:28","guid":{"rendered":"https:\/\/krankenhauspfarramt.de\/index.php\/2023\/10\/09\/welle-der-solidaritaet-mit-israel-ekd\/"},"modified":"2023-10-09T12:38:31","modified_gmt":"2023-10-09T12:38:31","slug":"welle-der-solidaritaet-mit-israel-ekd","status":"publish","type":"post","link":"https:\/\/krankenhauspfarramt.de\/index.php\/2023\/10\/09\/welle-der-solidaritaet-mit-israel-ekd\/","title":{"rendered":"Welle der Solidarit\u00e4t mit Israel \u2013 EKD"},"content":{"rendered":"<p> <br \/>\n<\/p>\n<div id=\"\">\n<p style=\"margin-left:0cm; margin-right:0cm\"><span style=\"background:white\">Berlin, Frankfurt a.M.\u00a0(epd).\u00a0Zahlreiche Politiker sowie kirchliche Vertreterinnen und Vertreter in Deutschland haben sich entsetzt \u00fcber die kriegerische Eskalation des Nahost-Konflikts mit zahlreichen Toten und Verletzten ge\u00e4u\u00dfert. Sie verurteilten am Samstag die Angriffe auf Israel und bekundeten Solidarit\u00e4t mit dem Land.<\/span><\/p>\n<p style=\"margin-left:0cm; margin-right:0cm\"><span style=\"background:white\"><span style=\"box-sizing:inherit\">Auch die christlichen Kirchen solidarisierten sich mit Israel. &#8222;Ich verurteile die furchtbaren terroristischen Angriffe zutiefst&#8220;, teilte die Ratsvorsitzende der Evangelischen Kirche in Deutschland (EKD), Annette Kurschus, dem Evangelischen Pressedienst (epd) mit. &#8222;Unsere Gedanken und Gebete sind bei den Menschen in Israel, deren Land wir noch vor wenigen Tagen besucht haben&#8220;, versicherte die westf\u00e4lische Pr\u00e4ses.<\/span><\/span><\/p>\n<p style=\"margin-left:0cm; margin-right:0cm\"><span style=\"background:white\"><span style=\"box-sizing:inherit\">Der Vorsitzende der katholischen Deutschen Bischofskonferenz (DBK), Georg B\u00e4tzing, sprach auf X von einer &#8222;gef\u00e4hrlichen Eskalation&#8220;. Er bete f\u00fcr die Opfer und trauere um die Toten. Der Nahe Osten brauche &#8222;endlich einen echten Friedensprozess, der die Interessen von Israelis und Pal\u00e4stinensern ber\u00fccksichtigt&#8220;, erkl\u00e4rte der DBK-Vorsitzende, der zugleich Limburger Bischof ist und f\u00fcgte hinzu: &#8222;Dabei gibt es f\u00fcr uns keinerlei Zweifel am Existenzrecht Israels und eines pal\u00e4stinensischen Staates.&#8220;<\/span><\/span><\/p>\n<p style=\"margin-left:0cm; margin-right:0cm\"><span style=\"background:white\">Bundeskanzler Olaf Scholz (SPD) \u00e4u\u00dferte sich auf X, vormals Twitter, &#8222;zutiefst&#8220; ersch\u00fcttert. &#8222;Deutschland verurteilt diese Angriffe der Hamas und steht an Israels Seite&#8220;, versicherte er. Das Ausw\u00e4rtige Amt prangerte &#8222;die abscheuliche Gewalt der Hamas gegen Zivilistinnen und Zivilisten&#8220; an. &#8222;Dieser Terror muss sofort gestoppt werden&#8220;, hie\u00df es.<\/span><\/p>\n<p style=\"margin-left:0cm; margin-right:0cm\"><span style=\"background:white\">Der lange schwelende Konflikt zwischen dem Staat Israel und der radikalislamischen Terrororganisation Hamas war am Samstag kriegerisch eskaliert. &#8222;Israel befindet sich im Krieg&#8220;, schrieb die israelische Botschaft in Berlin auf X. &#8222;Die Terrororganisation Hamas hat Israel heute Morgen angegriffen. Israel wird alles Notwendige tun, um sich und seine B\u00fcrgerinnen und B\u00fcrger zu verteidigen&#8220;, hie\u00df es.<\/span><\/p>\n<p style=\"margin-left:0cm; margin-right:0cm\"><span style=\"background:white\"><span style=\"box-sizing:inherit\">Der Pr\u00e4sident der Deutsch-Israelischen Gesellschaft, Volker Beck, teilte mit: &#8222;Die feigen und verbrecherischen Angriffe mit hunderten Raketen auf die israelische Zivilbev\u00f6lkerung und das Eindringen einer gro\u00dfen Zahl von Terroristen in israelische Gemeinden und Kibbuzim sind auf das Sch\u00e4rfste zu verurteilen.&#8220; Er billigte Israel das Recht zu, &#8222;diese Gefahr f\u00fcr das Leben von Israelis abzuwenden, indem die Terroristen festgenommen oder unsch\u00e4dlich gemacht werden&#8220;.<\/span><\/span><\/p>\n<p style=\"margin-left:0cm; margin-right:0cm\"><span style=\"background:white\"><span style=\"box-sizing:inherit\">Das Internationale Auschwitz-Komitee verurteilte in einer Mitteilung den &#8222;unter Pal\u00e4stinensern immer wieder neu angefachten Antisemitismus&#8220; und den &#8222;Vernichtungswillen gegen\u00fcber dem Staat Israel&#8220;. Deshalb m\u00fcsse sich nicht nur die deutsche Regierung fragen lassen, warum die EU pal\u00e4stinensische Beh\u00f6rden &#8222;immer wieder durch massive Finanzhilfen unterst\u00fctzt, obwohl sie f\u00fcr die Propagierung von antisemitischem Hass und Gewalt Mitverantwortung tragen&#8220;.<\/span><\/span><\/p>\n<p style=\"margin-left:0cm; margin-right:0cm\">Vor diesem Hintergrund sprach sich die Vorsitzende des Verteidigungsausschusses im Bundestag, Marie-Agnes Strack-Zimmermann (FDP), f\u00fcr die \u00dcberpr\u00fcfung aller Hilfen an den pal\u00e4stinensischen Gaza-Streifen aus. Jegliche Verwendung f\u00fcr antiisraelische oder antisemitische Zwecke m\u00fcsse vollst\u00e4ndig ausgeschlossen sein.<\/p>\n<\/div>\n","protected":false},"excerpt":{"rendered":"<p>Berlin, Frankfurt a.M.\u00a0(epd).\u00a0Zahlreiche Politiker sowie kirchliche Vertreterinnen und Vertreter in Deutschland haben sich entsetzt \u00fcber die kriegerische Eskalation des Nahost-Konflikts<\/p>\n","protected":false},"author":2,"featured_media":6158,"comment_status":"closed","ping_status":"closed","sticky":false,"template":"","format":"standard","meta":{"footnotes":""},"categories":[20],"tags":[],"_links":{"self":[{"href":"https:\/\/krankenhauspfarramt.de\/index.php\/wp-json\/wp\/v2\/posts\/6163"}],"collection":[{"href":"https:\/\/krankenhauspfarramt.de\/index.php\/wp-json\/wp\/v2\/posts"}],"about":[{"href":"https:\/\/krankenhauspfarramt.de\/index.php\/wp-json\/wp\/v2\/types\/post"}],"author":[{"embeddable":true,"href":"https:\/\/krankenhauspfarramt.de\/index.php\/wp-json\/wp\/v2\/users\/2"}],"replies":[{"embeddable":true,"href":"https:\/\/krankenhauspfarramt.de\/index.php\/wp-json\/wp\/v2\/comments?post=6163"}],"version-history":[{"count":1,"href":"https:\/\/krankenhauspfarramt.de\/index.php\/wp-json\/wp\/v2\/posts\/6163\/revisions"}],"predecessor-version":[{"id":6164,"href":"https:\/\/krankenhauspfarramt.de\/index.php\/wp-json\/wp\/v2\/posts\/6163\/revisions\/6164"}],"wp:featuredmedia":[{"embeddable":true,"href":"https:\/\/krankenhauspfarramt.de\/index.php\/wp-json\/wp\/v2\/media\/6158"}],"wp:attachment":[{"href":"https:\/\/krankenhauspfarramt.de\/index.php\/wp-json\/wp\/v2\/media?parent=6163"}],"wp:term":[{"taxonomy":"category","embeddable":true,"href":"https:\/\/krankenhauspfarramt.de\/index.php\/wp-json\/wp\/v2\/categories?post=6163"},{"taxonomy":"post_tag","embeddable":true,"href":"https:\/\/krankenhauspfarramt.de\/index.php\/wp-json\/wp\/v2\/tags?post=6163"}],"curies":[{"name":"wp","href":"https:\/\/api.w.org\/{rel}","templated":true}]}}