{"id":6173,"date":"2023-10-11T05:13:09","date_gmt":"2023-10-11T05:13:09","guid":{"rendered":"https:\/\/krankenhauspfarramt.de\/index.php\/2023\/10\/11\/stellungnahme-zur-regelung-zum-schwangerschaftsabbruch-ekd\/"},"modified":"2023-10-11T05:13:12","modified_gmt":"2023-10-11T05:13:12","slug":"stellungnahme-zur-regelung-zum-schwangerschaftsabbruch-ekd","status":"publish","type":"post","link":"https:\/\/krankenhauspfarramt.de\/index.php\/2023\/10\/11\/stellungnahme-zur-regelung-zum-schwangerschaftsabbruch-ekd\/","title":{"rendered":"Stellungnahme zur Regelung zum Schwangerschaftsabbruch \u2013 EKD"},"content":{"rendered":"<p> <br \/>\n<\/p>\n<div id=\"\">\n<p style=\"text-align:center\"><strong>Stellungnahme<br \/>des Rates der Evangelischen Kirche in Deutschland<br \/>zur Frage, ob und unter welchen Voraussetzungen eine Regelung zum Schwangerschaftsabbruch<br \/>au\u00dferhalb des Strafgesetzbuchs m\u00f6glich ist<\/strong><br \/>\u00a0<\/p>\n<p>Der Rat der Evangelischen Kirche in Deutschland (EKD) hat sich zur Debatte um eine m\u00f6gliche gesetzliche Neuregelung des Schwangerschaftsabbruchs ge\u00e4u\u00dfert. \u201eWichtig ist uns als evangelische Kirche, dass der f\u00fcr das gesamte Thema notwendige Diskurs sachorientiert, in hoher Achtung vor der Schutzbed\u00fcrftigkeit des ungeborenen Lebens und den Pers\u00f6nlichkeitsrechten der Schwangeren sowie in Respekt vor anderen Meinungen und \u00dcberzeugungen gef\u00fchrt wird. Dazu will der Rat der EKD mit diesem ersten Impuls und in den weiteren Phasen des \u00f6ffentlichen Diskurses beitragen.\u201c<\/p>\n<\/div>\n<div id=\"\">\n<div class=\"article--downloads download\">\n<p><strong>Download der kompletten Stellungnahme<\/strong><\/p>\n<\/p><\/div>\n<\/div>\n","protected":false},"excerpt":{"rendered":"<p>Stellungnahmedes Rates der Evangelischen Kirche in Deutschlandzur Frage, ob und unter welchen Voraussetzungen eine Regelung zum Schwangerschaftsabbruchau\u00dferhalb des Strafgesetzbuchs m\u00f6glich<\/p>\n","protected":false},"author":2,"featured_media":6174,"comment_status":"closed","ping_status":"closed","sticky":false,"template":"","format":"standard","meta":{"footnotes":""},"categories":[20],"tags":[],"_links":{"self":[{"href":"https:\/\/krankenhauspfarramt.de\/index.php\/wp-json\/wp\/v2\/posts\/6173"}],"collection":[{"href":"https:\/\/krankenhauspfarramt.de\/index.php\/wp-json\/wp\/v2\/posts"}],"about":[{"href":"https:\/\/krankenhauspfarramt.de\/index.php\/wp-json\/wp\/v2\/types\/post"}],"author":[{"embeddable":true,"href":"https:\/\/krankenhauspfarramt.de\/index.php\/wp-json\/wp\/v2\/users\/2"}],"replies":[{"embeddable":true,"href":"https:\/\/krankenhauspfarramt.de\/index.php\/wp-json\/wp\/v2\/comments?post=6173"}],"version-history":[{"count":1,"href":"https:\/\/krankenhauspfarramt.de\/index.php\/wp-json\/wp\/v2\/posts\/6173\/revisions"}],"predecessor-version":[{"id":6175,"href":"https:\/\/krankenhauspfarramt.de\/index.php\/wp-json\/wp\/v2\/posts\/6173\/revisions\/6175"}],"wp:featuredmedia":[{"embeddable":true,"href":"https:\/\/krankenhauspfarramt.de\/index.php\/wp-json\/wp\/v2\/media\/6174"}],"wp:attachment":[{"href":"https:\/\/krankenhauspfarramt.de\/index.php\/wp-json\/wp\/v2\/media?parent=6173"}],"wp:term":[{"taxonomy":"category","embeddable":true,"href":"https:\/\/krankenhauspfarramt.de\/index.php\/wp-json\/wp\/v2\/categories?post=6173"},{"taxonomy":"post_tag","embeddable":true,"href":"https:\/\/krankenhauspfarramt.de\/index.php\/wp-json\/wp\/v2\/tags?post=6173"}],"curies":[{"name":"wp","href":"https:\/\/api.w.org\/{rel}","templated":true}]}}