{"id":6196,"date":"2023-10-16T09:55:51","date_gmt":"2023-10-16T09:55:51","guid":{"rendered":"https:\/\/krankenhauspfarramt.de\/index.php\/2023\/10\/16\/orgel-des-monats-oktober-2023-in-bucha-ekd\/"},"modified":"2023-10-16T09:55:56","modified_gmt":"2023-10-16T09:55:56","slug":"orgel-des-monats-oktober-2023-in-bucha-ekd","status":"publish","type":"post","link":"https:\/\/krankenhauspfarramt.de\/index.php\/2023\/10\/16\/orgel-des-monats-oktober-2023-in-bucha-ekd\/","title":{"rendered":"\u201eOrgel des Monats Oktober 2023\u201c in Bucha \u2013 EKD"},"content":{"rendered":"<p> <br \/>\n<\/p>\n<div id=\"\">\n<div class=\"article--meta article--meta__border clearfix\">\n<p>                                    <time datetime=\"16.10.2023 09:30\" class=\"article--time\">16.10.2023<\/time><\/p>\n<p>                                     <strong class=\"article--type primus--overline\">Pressemitteilung<\/strong><\/p>\n<picture class=\"article--source-image image\"><source srcset=\"https:\/\/www.ekd.de\/ekd_de\/ds_img\/assets\/20170622_ekd-Quellenlogo_141_rdax_423x118.png\"><!--<source srcset=\"\/ekd_de\/ds_img\/assets\/20170622_ekd-Quellenlogo_141_rdax_141x39.png 1x, \/ekd_de\/ds_img\/assets\/20170622_ekd-Quellenlogo_141_rdax_282x78.png 2x, https:\/\/www.ekd.de\/ekd_de\/ds_img\/assets\/20170622_ekd-Quellenlogo_141_rdax_423x118.png 3x\">--><\/p>\n<p>    <\/source><\/picture>\n<\/p><\/div>\n<h2 class=\"article--sub-headline primus--sub-headline\">Sanierung dringend gew\u00fcnscht<\/h2>\n<\/p><\/div>\n<div id=\"\">\n<p>Johann Gottlieb Schlegel aus Triptis (Th\u00fcringen) baute nur wenige Orgeln. Das Instrument in der evangelischen Kirche St. Katharina in Bucha (Saale-Orla-Kreis) ist eines seiner Werke und besitzt daher hohen Denkmalwert. Da es derzeit nicht bespielbar ist, m\u00f6chte die Gemeinde es schnellstm\u00f6glich sanieren. Die von der Evangelischen Kirche in Deutschland (EKD) gegr\u00fcndete Stiftung Orgelklang w\u00fcrdigt die Schlegel-Orgel als \u201eOrgel des Monats Oktober 2023\u201c und stellt 3000 Euro f\u00fcr die Restaurierung zur Verf\u00fcgung.<\/p>\n<p>Das aus dem Jahr 1818 stammende Instrument darf seit etwa zwei Jahren nicht mehr erklingen; damals fiel Putz von der Kirchendecke und verschmutzte die Orgel stark. Dar\u00fcber hinaus sind Teile der Holzpfeifen und der Windlade durch Holzw\u00fcrmer gesch\u00e4digt und viele der Metallpfeifen weisen Verformungen oder Risse auf \u2013 Folgen unsachgem\u00e4\u00dfer Versuche, die Orgel zu stimmen. Die Kosten f\u00fcr ihre Instandsetzung werden rund 63.000 Euro betragen.<\/p>\n<p>Wann die Restaurierung beginnen kann, ist noch offen. Fest steht aber, dass die Gemeinde sich nach Kr\u00e4ften beteiligen wird. \u201eAufgaben, die Laien \u00fcbernehmen k\u00f6nnen, wollen wir in Absprache mit dem Orgelbauer gern selbst \u00fcbernehmen\u201c, k\u00fcndigt Pfarrer Christoph Backhaus an. Er ist sicher, dass die \u201egute Dorfgemeinschaft\u201c und der \u00f6rtliche Heimatverein jede erdenkliche Unterst\u00fctzung leisten werden. Mit der Sammlung von Spenden hat man in Bucha schon begonnen; auch ein besonderer \u201eOrgelgottesdienst\u201c mit einem mobilen Ersatzinstrument ist geplant. Pfarrer Backhaus wei\u00df, wie wichtig das Instrument allen Gemeindemitgliedern ist. \u201eWir w\u00fcnschen uns sehr, dass die Orgel bald saniert werden kann. Sie geh\u00f6rt einfach dazu!\u201c<\/p>\n<p>Die Stiftung Orgelklang der Evangelischen Kirche in Deutschland (EKD) pr\u00e4sentiert in jedem Monat eine \u201eOrgel des Monats\u201c. In diesem Jahr f\u00f6rdert sie 14 Projekte in einem Gesamtumfang von 50.000 Euro (bzw. 100.300 Euro inkl. Projektspenden). Seit 2010 hat sie 263 F\u00f6rderzusagen \u00fcber rund 1,5 Millionen Euro gegeben (bzw. fast 2,2 Millionen Euro inkl. Projektspenden). Weitere Informationen finden Sie im Internet unter www.stiftung-orgelklang.de.<\/p>\n<p>Hannover, 16. Oktober 2023<\/p>\n<p>Pressestelle der EKD<br \/>\u00a0<\/p>\n<\/div>\n","protected":false},"excerpt":{"rendered":"<p>16.10.2023 Pressemitteilung Sanierung dringend gew\u00fcnscht Johann Gottlieb Schlegel aus Triptis (Th\u00fcringen) baute nur wenige Orgeln. Das Instrument in der evangelischen<\/p>\n","protected":false},"author":2,"featured_media":6197,"comment_status":"closed","ping_status":"closed","sticky":false,"template":"","format":"standard","meta":{"footnotes":""},"categories":[20],"tags":[],"_links":{"self":[{"href":"https:\/\/krankenhauspfarramt.de\/index.php\/wp-json\/wp\/v2\/posts\/6196"}],"collection":[{"href":"https:\/\/krankenhauspfarramt.de\/index.php\/wp-json\/wp\/v2\/posts"}],"about":[{"href":"https:\/\/krankenhauspfarramt.de\/index.php\/wp-json\/wp\/v2\/types\/post"}],"author":[{"embeddable":true,"href":"https:\/\/krankenhauspfarramt.de\/index.php\/wp-json\/wp\/v2\/users\/2"}],"replies":[{"embeddable":true,"href":"https:\/\/krankenhauspfarramt.de\/index.php\/wp-json\/wp\/v2\/comments?post=6196"}],"version-history":[{"count":1,"href":"https:\/\/krankenhauspfarramt.de\/index.php\/wp-json\/wp\/v2\/posts\/6196\/revisions"}],"predecessor-version":[{"id":6198,"href":"https:\/\/krankenhauspfarramt.de\/index.php\/wp-json\/wp\/v2\/posts\/6196\/revisions\/6198"}],"wp:featuredmedia":[{"embeddable":true,"href":"https:\/\/krankenhauspfarramt.de\/index.php\/wp-json\/wp\/v2\/media\/6197"}],"wp:attachment":[{"href":"https:\/\/krankenhauspfarramt.de\/index.php\/wp-json\/wp\/v2\/media?parent=6196"}],"wp:term":[{"taxonomy":"category","embeddable":true,"href":"https:\/\/krankenhauspfarramt.de\/index.php\/wp-json\/wp\/v2\/categories?post=6196"},{"taxonomy":"post_tag","embeddable":true,"href":"https:\/\/krankenhauspfarramt.de\/index.php\/wp-json\/wp\/v2\/tags?post=6196"}],"curies":[{"name":"wp","href":"https:\/\/api.w.org\/{rel}","templated":true}]}}