{"id":6225,"date":"2023-10-20T14:52:47","date_gmt":"2023-10-20T14:52:47","guid":{"rendered":"https:\/\/krankenhauspfarramt.de\/index.php\/2023\/10\/20\/sozial-kuerzungen-sind-widersinnig-ekd\/"},"modified":"2023-10-20T14:52:50","modified_gmt":"2023-10-20T14:52:50","slug":"sozial-kuerzungen-sind-widersinnig-ekd","status":"publish","type":"post","link":"https:\/\/krankenhauspfarramt.de\/index.php\/2023\/10\/20\/sozial-kuerzungen-sind-widersinnig-ekd\/","title":{"rendered":"Sozial-K\u00fcrzungen sind \u201ewidersinnig\u201c \u2013 EKD"},"content":{"rendered":"<p> <br \/>\n<\/p>\n<div>\n<p>Lilie sagte, er hoffe darauf, dass die Einsicht bei den Bundestagsabgeordneten noch wachse, die im November abschlie\u00dfend \u00fcber den Bundeshaushalt f\u00fcr 2024 beraten. \u201eAndernfalls werden wir zusammen mit anderen Wohlfahrtsverb\u00e4nden Rabatz machen\u201c, k\u00fcndigte der Diakonie-Chef an. \u201eWir haben gro\u00dfe Sorge, dass das soziale Netz und auch der soziale Zusammenhalt vor Zerrei\u00dfproben stehen\u201c. Im Entwurf des Haushaltsgesetzes sind den Angaben der Wohlfahrtsverb\u00e4nde zufolge K\u00fcrzungen der Bundesmittel von insgesamt 25 Prozent vorgesehen.<\/p>\n<p>Sehr kritisch beurteilte der Diakonie-Pr\u00e4sident auch die Situation der Pflege. Einrichtungen und ambulante Dienste m\u00fcssten ihre Angebote einschr\u00e4nken oder sogar schlie\u00dfen. Er forderte h\u00f6here Steuerzusch\u00fcsse f\u00fcr die Pflege und eine grundlegende Finanzreform. Bundesgesundheitsminister Karl Lauterbach (SPD) mache \u201ederweil Politik mit Talk, Pflaster und Symbol\u201c, sagte Lilie: \u201eEs ist schon ein gravierender Politikausfall, dass diese Regierung auf die gro\u00dfe Herausforderung Pflege bis jetzt keine befriedigende Antwort gefunden hat. Wir laufen gerade in eine echte Versorgungskatastrophe.\u201c<\/p>\n<p>Mit Blick auf die Halbzeitbilanz der Ampel-Regierung sagte Lilie, die Koalition habe trotz der extremen Belastungen durch Energiekrise und Inflation einiges geschafft. Dass es \u201ekeine einschneidenden sozialen Verwerfungen\u201c gegeben habe, sei verdienstvoll. Er habe aber h\u00e4ufiger vermisst, dass die Politik den Austausch suche mit der Zivilgesellschaft, den Sozialverb\u00e4nden und der Wirtschaft, sagte Lilie und nannte das Heizungsgesetz: \u201eWir haben beim Thema Heizen und Energie ein schlechtes Beispiel f\u00fcr das Herangehen an die ganz gro\u00dfen Herausforderungen der sozial-\u00f6kologischen Transformation erlebt\u201c, bilanzierte der Diakonie-Chef.<\/p>\n<p style=\"text-align:right\"><em>epd-Gespr\u00e4ch: Bettina Markmeyer und Markus Jantzer<\/em><\/p>\n<\/p><\/div>\n","protected":false},"excerpt":{"rendered":"<p>Lilie sagte, er hoffe darauf, dass die Einsicht bei den Bundestagsabgeordneten noch wachse, die im November abschlie\u00dfend \u00fcber den Bundeshaushalt<\/p>\n","protected":false},"author":2,"featured_media":1349,"comment_status":"closed","ping_status":"closed","sticky":false,"template":"","format":"standard","meta":{"footnotes":""},"categories":[20],"tags":[],"_links":{"self":[{"href":"https:\/\/krankenhauspfarramt.de\/index.php\/wp-json\/wp\/v2\/posts\/6225"}],"collection":[{"href":"https:\/\/krankenhauspfarramt.de\/index.php\/wp-json\/wp\/v2\/posts"}],"about":[{"href":"https:\/\/krankenhauspfarramt.de\/index.php\/wp-json\/wp\/v2\/types\/post"}],"author":[{"embeddable":true,"href":"https:\/\/krankenhauspfarramt.de\/index.php\/wp-json\/wp\/v2\/users\/2"}],"replies":[{"embeddable":true,"href":"https:\/\/krankenhauspfarramt.de\/index.php\/wp-json\/wp\/v2\/comments?post=6225"}],"version-history":[{"count":1,"href":"https:\/\/krankenhauspfarramt.de\/index.php\/wp-json\/wp\/v2\/posts\/6225\/revisions"}],"predecessor-version":[{"id":6226,"href":"https:\/\/krankenhauspfarramt.de\/index.php\/wp-json\/wp\/v2\/posts\/6225\/revisions\/6226"}],"wp:featuredmedia":[{"embeddable":true,"href":"https:\/\/krankenhauspfarramt.de\/index.php\/wp-json\/wp\/v2\/media\/1349"}],"wp:attachment":[{"href":"https:\/\/krankenhauspfarramt.de\/index.php\/wp-json\/wp\/v2\/media?parent=6225"}],"wp:term":[{"taxonomy":"category","embeddable":true,"href":"https:\/\/krankenhauspfarramt.de\/index.php\/wp-json\/wp\/v2\/categories?post=6225"},{"taxonomy":"post_tag","embeddable":true,"href":"https:\/\/krankenhauspfarramt.de\/index.php\/wp-json\/wp\/v2\/tags?post=6225"}],"curies":[{"name":"wp","href":"https:\/\/api.w.org\/{rel}","templated":true}]}}