{"id":6232,"date":"2023-10-21T03:51:31","date_gmt":"2023-10-21T03:51:31","guid":{"rendered":"https:\/\/krankenhauspfarramt.de\/index.php\/2023\/10\/21\/evangelische-brueder-unitaet-fuehrt-neue-bischoefin-ein-ekd\/"},"modified":"2023-10-21T03:51:33","modified_gmt":"2023-10-21T03:51:33","slug":"evangelische-brueder-unitaet-fuehrt-neue-bischoefin-ein-ekd","status":"publish","type":"post","link":"https:\/\/krankenhauspfarramt.de\/index.php\/2023\/10\/21\/evangelische-brueder-unitaet-fuehrt-neue-bischoefin-ein-ekd\/","title":{"rendered":"Evangelische Br\u00fcder-Unit\u00e4t f\u00fchrt neue Bisch\u00f6fin ein \u2013 EKD"},"content":{"rendered":"<p> <br \/>\n<\/p>\n<div>\n<p>Diese haben in der Freikirche kein leitendes, sondern ein seelsorgerliches und international verbindendes Amt. Zur Br\u00fcder-Unit\u00e4t geh\u00f6ren weltweit rund 1,25 Millionen Menschen. In Europa sind es rund 22.800 Mitglieder.<\/p>\n<p>Zur Europ\u00e4isch-Festl\u00e4ndischen Provinz z\u00e4hlen die Niederlande, Deutschland, D\u00e4nemark, Schweden, die Schweiz, Estland, Lettland und Albanien. In Europa gibt nach Angaben der Freikirche au\u00dferdem noch Provinzen in Gro\u00dfbritannien und Tschechien. Weltweit sind es 29 Provinzen.<\/p>\n<p>Die Evangelische Br\u00fcder-Unit\u00e4t entstand Mitte des 15. Jahrhunderts aus der b\u00f6hmischen Reformation heraus. Anfang des 18. Jahrhunderts kam es in Herrnhut in der Oberlausitz zur Neugr\u00fcndung unter Nikolaus Ludwig Graf von Zinzendorf (1700-1760). Bekannt ist die Freikirche f\u00fcr das Andachtsbuch \u201eLosungen\u201c und die Herrnhuter Sterne.<\/p>\n<\/p><\/div>\n","protected":false},"excerpt":{"rendered":"<p>Diese haben in der Freikirche kein leitendes, sondern ein seelsorgerliches und international verbindendes Amt. Zur Br\u00fcder-Unit\u00e4t geh\u00f6ren weltweit rund 1,25<\/p>\n","protected":false},"author":2,"featured_media":6233,"comment_status":"closed","ping_status":"closed","sticky":false,"template":"","format":"standard","meta":{"footnotes":""},"categories":[20],"tags":[],"_links":{"self":[{"href":"https:\/\/krankenhauspfarramt.de\/index.php\/wp-json\/wp\/v2\/posts\/6232"}],"collection":[{"href":"https:\/\/krankenhauspfarramt.de\/index.php\/wp-json\/wp\/v2\/posts"}],"about":[{"href":"https:\/\/krankenhauspfarramt.de\/index.php\/wp-json\/wp\/v2\/types\/post"}],"author":[{"embeddable":true,"href":"https:\/\/krankenhauspfarramt.de\/index.php\/wp-json\/wp\/v2\/users\/2"}],"replies":[{"embeddable":true,"href":"https:\/\/krankenhauspfarramt.de\/index.php\/wp-json\/wp\/v2\/comments?post=6232"}],"version-history":[{"count":1,"href":"https:\/\/krankenhauspfarramt.de\/index.php\/wp-json\/wp\/v2\/posts\/6232\/revisions"}],"predecessor-version":[{"id":6234,"href":"https:\/\/krankenhauspfarramt.de\/index.php\/wp-json\/wp\/v2\/posts\/6232\/revisions\/6234"}],"wp:featuredmedia":[{"embeddable":true,"href":"https:\/\/krankenhauspfarramt.de\/index.php\/wp-json\/wp\/v2\/media\/6233"}],"wp:attachment":[{"href":"https:\/\/krankenhauspfarramt.de\/index.php\/wp-json\/wp\/v2\/media?parent=6232"}],"wp:term":[{"taxonomy":"category","embeddable":true,"href":"https:\/\/krankenhauspfarramt.de\/index.php\/wp-json\/wp\/v2\/categories?post=6232"},{"taxonomy":"post_tag","embeddable":true,"href":"https:\/\/krankenhauspfarramt.de\/index.php\/wp-json\/wp\/v2\/tags?post=6232"}],"curies":[{"name":"wp","href":"https:\/\/api.w.org\/{rel}","templated":true}]}}