{"id":6238,"date":"2023-10-22T17:39:51","date_gmt":"2023-10-22T17:39:51","guid":{"rendered":"https:\/\/krankenhauspfarramt.de\/index.php\/2023\/10\/22\/aufstehen-gegen-terror-hass-und-antisemitismus-in-solidaritaet-und-mitgefuehl-mit-israel-ekd\/"},"modified":"2023-10-22T17:39:54","modified_gmt":"2023-10-22T17:39:54","slug":"aufstehen-gegen-terror-hass-und-antisemitismus-in-solidaritaet-und-mitgefuehl-mit-israel-ekd","status":"publish","type":"post","link":"https:\/\/krankenhauspfarramt.de\/index.php\/2023\/10\/22\/aufstehen-gegen-terror-hass-und-antisemitismus-in-solidaritaet-und-mitgefuehl-mit-israel-ekd\/","title":{"rendered":"Aufstehen gegen Terror, Hass und Antisemitismus \u2013 in Solidarit\u00e4t und Mitgef\u00fchl mit Israel \u2013 EKD"},"content":{"rendered":"<p> <br \/>\n<\/p>\n<div>\n<p>Und auch dies werden wir: dem antimuslimischen Ressentiment widerstehen. Es tarnt sich als Israelfreundlichkeit. Aber wir durchschauen es. Es ist purer Rassismus.<\/p>\n<p>Freundinnen und Freunde des Lebens!<\/p>\n<p>Gott ist ein Gott des Lebens, oder es ist nicht Gott. Das ist die Grundgewissheit des Glaubens, und zwar in allen Religionen. Wer diese Wahrheit verl\u00e4sst \u2013 in Hass oder Verblendung \u2013 der \u00f6ffnet das Tor zur H\u00f6lle.<\/p>\n<p>Es gibt kein Vertun:<br \/>Massenmord ist Gottlosigkeit!<br \/>Antisemitismus ist Gottesl\u00e4sterung!<br \/>Es gibt keine Rechtfertigung f\u00fcr Judenhass.<br \/>Und jeder Versuch, das Massaker vom 7.\u00a0Oktober zu relativieren, ist Antisemitismus.<\/p>\n<p>Jedes \u201eJa, aber\u201c verharmlost.<\/p>\n<p>Wer geplant und mordlustig H\u00e4user \u00fcberf\u00e4llt und die Menschen, die darin leben, sch\u00e4ndet, schlachtet, verschleppt, der ist kein Gotteskrieger, kein Widerstandsk\u00e4mpfer, kein M\u00e4rtyrer. Er ist nur eins: ein Massenm\u00f6rder.<\/p>\n<p>Wer junge Menschen, die singen und tanzen, foltert, vergewaltigt, massakriert, hat keine religi\u00f6se oder politische Rechtfertigung verdient, sondern Verurteilung und Strafe.<\/p>\n<p>Es war ein antisemitischer Pogrom, der den Freudentag Simchat Tora in einen Trauertag verkehrt hat. Da hat sich ein w\u00fctender Wille ausgetobt: der schreckliche Wille, j\u00fcdisches Leben zu vernichten. Die T\u00e4ter der Hamas sind keine Volksbefreier, sie sind Geiselnehmer. Sie halten die gekidnappten J\u00fcdinnen und Juden in Folterhaft. Und auch die pal\u00e4stinensische Bev\u00f6lkerung von Gaza wird von ihnen als Geisel gefangen gehalten.<\/p>\n<p>Ich m\u00f6chte mir die Ohren zuhalten vor den l\u00e4rmenden Parolen und dogmatischen Reden der Alles- und Besserwisser im Nahostkonflikt. W\u00fcrdelose Rechthabereien und schlaumeiernde Erkl\u00e4rungen bewirken allerlei, aber der Gerechtigkeit dienen sie nicht. Sie lenken ab von dem, worauf es in diesen Tagen ankommt: alles, aber auch alles Menschenm\u00f6gliche zu tun, damit die in den Tunneln der Hamas gefangenen Geiseln zu ihren Familien zur\u00fcckkehren k\u00f6nnen.<\/p>\n<p>Als Hiobs Freunde zu ihm kommen, werfen sie Staub gen Himmel und auf ihr Haupt, sitzen mit ihm auf der Erde, sieben Tage und sieben N\u00e4chte lang, und reden nichts. Weil sie sehen: Sein Schmerz ist sehr gro\u00df. So steht es in der Bibel.<\/p>\n<p>Liebe j\u00fcdische Geschwister,<\/p>\n<p>ich werfe keinen Staub zum Himmel, aber ich gebe Euch mein Wort und versichere Euch: Unser Platz ist an Eurer Seite.<\/p>\n<\/p><\/div>\n","protected":false},"excerpt":{"rendered":"<p>Und auch dies werden wir: dem antimuslimischen Ressentiment widerstehen. Es tarnt sich als Israelfreundlichkeit. Aber wir durchschauen es. Es ist<\/p>\n","protected":false},"author":2,"featured_media":5406,"comment_status":"closed","ping_status":"closed","sticky":false,"template":"","format":"standard","meta":{"footnotes":""},"categories":[20],"tags":[],"_links":{"self":[{"href":"https:\/\/krankenhauspfarramt.de\/index.php\/wp-json\/wp\/v2\/posts\/6238"}],"collection":[{"href":"https:\/\/krankenhauspfarramt.de\/index.php\/wp-json\/wp\/v2\/posts"}],"about":[{"href":"https:\/\/krankenhauspfarramt.de\/index.php\/wp-json\/wp\/v2\/types\/post"}],"author":[{"embeddable":true,"href":"https:\/\/krankenhauspfarramt.de\/index.php\/wp-json\/wp\/v2\/users\/2"}],"replies":[{"embeddable":true,"href":"https:\/\/krankenhauspfarramt.de\/index.php\/wp-json\/wp\/v2\/comments?post=6238"}],"version-history":[{"count":1,"href":"https:\/\/krankenhauspfarramt.de\/index.php\/wp-json\/wp\/v2\/posts\/6238\/revisions"}],"predecessor-version":[{"id":6239,"href":"https:\/\/krankenhauspfarramt.de\/index.php\/wp-json\/wp\/v2\/posts\/6238\/revisions\/6239"}],"wp:featuredmedia":[{"embeddable":true,"href":"https:\/\/krankenhauspfarramt.de\/index.php\/wp-json\/wp\/v2\/media\/5406"}],"wp:attachment":[{"href":"https:\/\/krankenhauspfarramt.de\/index.php\/wp-json\/wp\/v2\/media?parent=6238"}],"wp:term":[{"taxonomy":"category","embeddable":true,"href":"https:\/\/krankenhauspfarramt.de\/index.php\/wp-json\/wp\/v2\/categories?post=6238"},{"taxonomy":"post_tag","embeddable":true,"href":"https:\/\/krankenhauspfarramt.de\/index.php\/wp-json\/wp\/v2\/tags?post=6238"}],"curies":[{"name":"wp","href":"https:\/\/api.w.org\/{rel}","templated":true}]}}