{"id":6240,"date":"2023-10-23T13:39:08","date_gmt":"2023-10-23T13:39:08","guid":{"rendered":"https:\/\/krankenhauspfarramt.de\/index.php\/2023\/10\/23\/kurschus-auf-solidaritaetskundgebung-mit-israel-ekd\/"},"modified":"2023-10-23T13:39:11","modified_gmt":"2023-10-23T13:39:11","slug":"kurschus-auf-solidaritaetskundgebung-mit-israel-ekd","status":"publish","type":"post","link":"https:\/\/krankenhauspfarramt.de\/index.php\/2023\/10\/23\/kurschus-auf-solidaritaetskundgebung-mit-israel-ekd\/","title":{"rendered":"Kurschus auf Solidarit\u00e4tskundgebung mit Israel \u2013 EKD"},"content":{"rendered":"<p> <br \/>\n<\/p>\n<div>\n<p>Der israelische Botschafter Ron Prosor betonte, zu dem Kampf gegen die Terrororganisation geh\u00f6re auch der Kampf gegen ihre Unterst\u00fctzer. Parolen wie \u201eTod den Juden\u201c d\u00fcrften auf den Stra\u00dfen Deutschlands nicht geduldet werden. Er forderte \u201enull Toleranz f\u00fcr jede Form von Antisemitismus\u201c.<\/p>\n<p>Bei der Kundgebung bat eine junge israelische Frau die Anwesenden, mit ihr ein Geburtstagslied f\u00fcr ihre verschleppte Schwester zu singen: \u201e85 Jahre, nach dem meine Gro\u00dfmutter aus Deutschland geflohen ist, bitte ich Sie um ihre Hilfe.\u201c Ein junger Mann beschrieb seine Hilflosigkeit nach der Verschleppung seiner Frau und seiner beiden drei und f\u00fcnf Jahre alten T\u00f6chter. \u201eHaltet durch, euer Vater liebt euch, umarmt einander, unsere Liebe wird gewinnen\u201c, rief er ihnen von der Kundgebung aus zu.<\/p>\n<p>SPD-Chefin Saskia Esken betonte, die Geiseln der Hamas seien Zivilisten. Die Angst der Angeh\u00f6rigen zerrei\u00dfe ihr das Herz. Wer J\u00fcdinnen und Juden angreife, \u201egreift uns alle an\u201c. CDU-Generalsekret\u00e4r Carsten Linnemann, forderte dazu auf, alles daf\u00fcr zu tun, damit die Geiseln zu ihren Familien zur\u00fcckkehren. Der Gr\u00fcnen Co-Vorsitzende Omid Nouripour betonte, \u201ewir stehen geschlossen an der Seite Israels\u201c. Oft gebe es Graut\u00f6ne, aber jetzt sei klar, wer gut und wer b\u00f6se ist. Auch FDP-Generalsekret\u00e4r Bijan Djir-Sarai forderte, in der Solidarit\u00e4t mit Israel nicht nachzulassen.<\/p>\n<\/p><\/div>\n","protected":false},"excerpt":{"rendered":"<p>Der israelische Botschafter Ron Prosor betonte, zu dem Kampf gegen die Terrororganisation geh\u00f6re auch der Kampf gegen ihre Unterst\u00fctzer. Parolen<\/p>\n","protected":false},"author":2,"featured_media":6241,"comment_status":"closed","ping_status":"closed","sticky":false,"template":"","format":"standard","meta":{"footnotes":""},"categories":[20],"tags":[],"_links":{"self":[{"href":"https:\/\/krankenhauspfarramt.de\/index.php\/wp-json\/wp\/v2\/posts\/6240"}],"collection":[{"href":"https:\/\/krankenhauspfarramt.de\/index.php\/wp-json\/wp\/v2\/posts"}],"about":[{"href":"https:\/\/krankenhauspfarramt.de\/index.php\/wp-json\/wp\/v2\/types\/post"}],"author":[{"embeddable":true,"href":"https:\/\/krankenhauspfarramt.de\/index.php\/wp-json\/wp\/v2\/users\/2"}],"replies":[{"embeddable":true,"href":"https:\/\/krankenhauspfarramt.de\/index.php\/wp-json\/wp\/v2\/comments?post=6240"}],"version-history":[{"count":1,"href":"https:\/\/krankenhauspfarramt.de\/index.php\/wp-json\/wp\/v2\/posts\/6240\/revisions"}],"predecessor-version":[{"id":6242,"href":"https:\/\/krankenhauspfarramt.de\/index.php\/wp-json\/wp\/v2\/posts\/6240\/revisions\/6242"}],"wp:featuredmedia":[{"embeddable":true,"href":"https:\/\/krankenhauspfarramt.de\/index.php\/wp-json\/wp\/v2\/media\/6241"}],"wp:attachment":[{"href":"https:\/\/krankenhauspfarramt.de\/index.php\/wp-json\/wp\/v2\/media?parent=6240"}],"wp:term":[{"taxonomy":"category","embeddable":true,"href":"https:\/\/krankenhauspfarramt.de\/index.php\/wp-json\/wp\/v2\/categories?post=6240"},{"taxonomy":"post_tag","embeddable":true,"href":"https:\/\/krankenhauspfarramt.de\/index.php\/wp-json\/wp\/v2\/tags?post=6240"}],"curies":[{"name":"wp","href":"https:\/\/api.w.org\/{rel}","templated":true}]}}