{"id":6243,"date":"2023-10-23T17:42:58","date_gmt":"2023-10-23T17:42:58","guid":{"rendered":"https:\/\/krankenhauspfarramt.de\/index.php\/2023\/10\/23\/kirchentag-in-hannover-unter-dem-motto-mutig-stark\/"},"modified":"2023-10-23T17:43:01","modified_gmt":"2023-10-23T17:43:01","slug":"kirchentag-in-hannover-unter-dem-motto-mutig-stark","status":"publish","type":"post","link":"https:\/\/krankenhauspfarramt.de\/index.php\/2023\/10\/23\/kirchentag-in-hannover-unter-dem-motto-mutig-stark\/","title":{"rendered":"Kirchentag in Hannover unter dem Motto \u201emutig &#8211; stark"},"content":{"rendered":"<p> <br \/>\n<\/p>\n<div>\n<p>Siegesmund hatte zuvor offiziell die Pr\u00e4sidentschaft f\u00fcr den Kirchentag in Hannover \u00fcbernommen. Die ehemalige Gr\u00fcnen-Politikerin l\u00f6st in diesem Ehrenamt den CDU-Politiker Thomas de Maizi\u00e8re ab, der den Kirchentag im Juni 2023 in N\u00fcrnberg geleitet hatte. \u201eWenn es den Kirchentag nicht g\u00e4be, man m\u00fcsste ihn genau jetzt erfinden\u201c, betonte sie. Der Kirchentag sei das gr\u00f6\u00dfte zivilgesellschaftliche Ereignis in Deutschland.<\/p>\n<p>Das Treffen biete eine Plattform, wo unterschiedliche Menschen einander zuh\u00f6rten und miteinander redeten. Zugleich stehe der Kirchentag klar gegen Antisemitismus und Rassismus. Geplant sind rund 1.500 Veranstaltungen an f\u00fcnf Tagen &#8211; darunter gesellschaftspolitische Diskussionen, interreligi\u00f6se Dialoge sowie Kulturveranstaltungen.<\/p>\n<p>Der <strong>hannoversche Landesbischof Ralf Meister<\/strong> erinnerte daran, dass der Kirchentag bereits zum f\u00fcnften Mal in Hannover stattfinden werde. \u201eEs gibt Zigtausende Menschen hier, die sich an den Kirchentag als ein lebendiges Ereignis erinnern.\u201c 1949 sei das Protestantentreffen in Hannover gegr\u00fcndet worden &#8211; aus der Erfahrung heraus, dass die Kirche nicht genug gegen den Nationalsozialismus getan habe.<\/p>\n<p><strong>Hannovers Oberb\u00fcrgermeister Belit Onay<\/strong> (Gr\u00fcne) betonte: \u201eWir sind wahnsinnig gl\u00fccklich, den Kirchentag 2025 wieder in Hannover begr\u00fc\u00dfen zu d\u00fcrfen.\u201c Hannover sei eine Stadt der religi\u00f6sen Vielfalt und verf\u00fcge \u00fcber das bundesweit einzigartige \u201eHaus der Religionen\u201c.<\/p>\n<p>Der Deutsche Evangelische Kirchentag versteht sich als christliche Laienbewegung und besteht bis heute als unabh\u00e4ngiger Verein fort. Das Glaubens- und Kulturfestival findet in der Regel alle zwei Jahre an einem anderen Ort statt.<\/p>\n<\/p><\/div>\n","protected":false},"excerpt":{"rendered":"<p>Siegesmund hatte zuvor offiziell die Pr\u00e4sidentschaft f\u00fcr den Kirchentag in Hannover \u00fcbernommen. Die ehemalige Gr\u00fcnen-Politikerin l\u00f6st in diesem Ehrenamt den<\/p>\n","protected":false},"author":2,"featured_media":6244,"comment_status":"closed","ping_status":"closed","sticky":false,"template":"","format":"standard","meta":{"footnotes":""},"categories":[20],"tags":[],"_links":{"self":[{"href":"https:\/\/krankenhauspfarramt.de\/index.php\/wp-json\/wp\/v2\/posts\/6243"}],"collection":[{"href":"https:\/\/krankenhauspfarramt.de\/index.php\/wp-json\/wp\/v2\/posts"}],"about":[{"href":"https:\/\/krankenhauspfarramt.de\/index.php\/wp-json\/wp\/v2\/types\/post"}],"author":[{"embeddable":true,"href":"https:\/\/krankenhauspfarramt.de\/index.php\/wp-json\/wp\/v2\/users\/2"}],"replies":[{"embeddable":true,"href":"https:\/\/krankenhauspfarramt.de\/index.php\/wp-json\/wp\/v2\/comments?post=6243"}],"version-history":[{"count":1,"href":"https:\/\/krankenhauspfarramt.de\/index.php\/wp-json\/wp\/v2\/posts\/6243\/revisions"}],"predecessor-version":[{"id":6245,"href":"https:\/\/krankenhauspfarramt.de\/index.php\/wp-json\/wp\/v2\/posts\/6243\/revisions\/6245"}],"wp:featuredmedia":[{"embeddable":true,"href":"https:\/\/krankenhauspfarramt.de\/index.php\/wp-json\/wp\/v2\/media\/6244"}],"wp:attachment":[{"href":"https:\/\/krankenhauspfarramt.de\/index.php\/wp-json\/wp\/v2\/media?parent=6243"}],"wp:term":[{"taxonomy":"category","embeddable":true,"href":"https:\/\/krankenhauspfarramt.de\/index.php\/wp-json\/wp\/v2\/categories?post=6243"},{"taxonomy":"post_tag","embeddable":true,"href":"https:\/\/krankenhauspfarramt.de\/index.php\/wp-json\/wp\/v2\/tags?post=6243"}],"curies":[{"name":"wp","href":"https:\/\/api.w.org\/{rel}","templated":true}]}}