{"id":6255,"date":"2023-10-25T18:12:56","date_gmt":"2023-10-25T18:12:56","guid":{"rendered":"https:\/\/krankenhauspfarramt.de\/index.php\/2023\/10\/25\/bischoefin-fehrs-ruft-trotz-terror-zu-friedensbemuehungen-auf-ekd\/"},"modified":"2023-10-25T18:12:59","modified_gmt":"2023-10-25T18:12:59","slug":"bischoefin-fehrs-ruft-trotz-terror-zu-friedensbemuehungen-auf-ekd","status":"publish","type":"post","link":"https:\/\/krankenhauspfarramt.de\/index.php\/2023\/10\/25\/bischoefin-fehrs-ruft-trotz-terror-zu-friedensbemuehungen-auf-ekd\/","title":{"rendered":"Bisch\u00f6fin Fehrs ruft trotz Terror zu Friedensbem\u00fchungen auf \u2013 EKD"},"content":{"rendered":"<p> <br \/>\n<\/p>\n<div>\n<p>Der langj\u00e4hrige Frieden in Europa verpflichte die Christen zu einer aufrichtigen Haltung f\u00fcr Menschlichkeit und gegen den \u201ev\u00f6lkisch-nationalen Egoismus, der um sich greift\u201c, unterstrich die Bisch\u00f6fin. \u201eGott schenke uns deshalb diesen uneigenn\u00fctzigen Blick darauf, was dem anderen zum Guten dient, dem Kind, den Alten und dem gefl\u00fcchteten Menschen in der Nachbarschaft auch.\u201c<\/p>\n<p>Osnabr\u00fcck feierte am Mittwoch unter anderem mit dem Gottesdienst und einem Friedenssingen der B\u00fcrger den 375. Jahrestag der Verk\u00fcndung des Westf\u00e4lischen Friedens von der Osnabr\u00fccker Rathaustreppe. Die Vertr\u00e4ge waren am 24. Oktober 1648 in M\u00fcnster unterzeichnet worden. Zuvor hatten Gesandte der Kriegsparteien f\u00fcnf Jahre lang in beiden St\u00e4dten verhandelt, w\u00e4hrend die K\u00e4mpfe weitergingen.<\/p>\n<p>Der Friedensschluss stabilisierte die Machtverh\u00e4ltnisse im damaligen Heiligen R\u00f6mischen Reich Deutscher Nation und bestimmte erstmals die Gleichberechtigung von Katholiken, Lutheranern und Calvinisten. Er befriedete auch \u00e4u\u00dfere Konflikte wie mit Frankreich und Schweden und gilt als Grundlage f\u00fcr die Entwicklung des V\u00f6lkerrechts. Basis war unter anderem eine Amnestie f\u00fcr alle Gewalttaten in den 30 Kriegsjahren, in denen bis zu 6,5 Millionen Menschen ums Leben kamen.<\/p>\n<\/p><\/div>\n","protected":false},"excerpt":{"rendered":"<p>Der langj\u00e4hrige Frieden in Europa verpflichte die Christen zu einer aufrichtigen Haltung f\u00fcr Menschlichkeit und gegen den \u201ev\u00f6lkisch-nationalen Egoismus, der<\/p>\n","protected":false},"author":2,"featured_media":6256,"comment_status":"closed","ping_status":"closed","sticky":false,"template":"","format":"standard","meta":{"footnotes":""},"categories":[20],"tags":[],"_links":{"self":[{"href":"https:\/\/krankenhauspfarramt.de\/index.php\/wp-json\/wp\/v2\/posts\/6255"}],"collection":[{"href":"https:\/\/krankenhauspfarramt.de\/index.php\/wp-json\/wp\/v2\/posts"}],"about":[{"href":"https:\/\/krankenhauspfarramt.de\/index.php\/wp-json\/wp\/v2\/types\/post"}],"author":[{"embeddable":true,"href":"https:\/\/krankenhauspfarramt.de\/index.php\/wp-json\/wp\/v2\/users\/2"}],"replies":[{"embeddable":true,"href":"https:\/\/krankenhauspfarramt.de\/index.php\/wp-json\/wp\/v2\/comments?post=6255"}],"version-history":[{"count":1,"href":"https:\/\/krankenhauspfarramt.de\/index.php\/wp-json\/wp\/v2\/posts\/6255\/revisions"}],"predecessor-version":[{"id":6257,"href":"https:\/\/krankenhauspfarramt.de\/index.php\/wp-json\/wp\/v2\/posts\/6255\/revisions\/6257"}],"wp:featuredmedia":[{"embeddable":true,"href":"https:\/\/krankenhauspfarramt.de\/index.php\/wp-json\/wp\/v2\/media\/6256"}],"wp:attachment":[{"href":"https:\/\/krankenhauspfarramt.de\/index.php\/wp-json\/wp\/v2\/media?parent=6255"}],"wp:term":[{"taxonomy":"category","embeddable":true,"href":"https:\/\/krankenhauspfarramt.de\/index.php\/wp-json\/wp\/v2\/categories?post=6255"},{"taxonomy":"post_tag","embeddable":true,"href":"https:\/\/krankenhauspfarramt.de\/index.php\/wp-json\/wp\/v2\/tags?post=6255"}],"curies":[{"name":"wp","href":"https:\/\/api.w.org\/{rel}","templated":true}]}}