{"id":6258,"date":"2023-10-26T14:28:51","date_gmt":"2023-10-26T14:28:51","guid":{"rendered":"https:\/\/krankenhauspfarramt.de\/index.php\/2023\/10\/26\/sos-humanity-rettet-mehr-als-50-fluechtlinge-im-mittelmeer-ekd\/"},"modified":"2023-10-26T14:28:55","modified_gmt":"2023-10-26T14:28:55","slug":"sos-humanity-rettet-mehr-als-50-fluechtlinge-im-mittelmeer-ekd","status":"publish","type":"post","link":"https:\/\/krankenhauspfarramt.de\/index.php\/2023\/10\/26\/sos-humanity-rettet-mehr-als-50-fluechtlinge-im-mittelmeer-ekd\/","title":{"rendered":"SOS Humanity rettet mehr als 50 Fl\u00fcchtlinge im Mittelmeer \u2013 EKD"},"content":{"rendered":"<p> <br \/>\n<\/p>\n<div>\n<p>SOS Humanity zufolge sind unter den \u00dcberlebenden mehrere Minderj\u00e4hrige. Beide Eins\u00e4tze h\u00e4tten sich in der maltesischen Such- und Rettungszone in internationalen Gew\u00e4ssern abgespielt. Einige Geretteten seien stark geschw\u00e4cht und dehydriert, sie w\u00fcrden nun an Bord der \u201eHumanity 1\u201c versorgt.<\/p>\n<p>Am Dienstag hatte bereits die \u201eOcean Viking\u201c von SOS M\u00e9diterran\u00e9e 29 Fl\u00fcchtlinge und Migranten im Mittelmeer vor dem Ertrinken bewahrt. Die italienischen Beh\u00f6rden wiesen ihr anschlie\u00dfend den Hafen von Ravenna im Norden Italiens zu.<\/p>\n<p>Das Mittelmeer z\u00e4hlt zu den gef\u00e4hrlichsten Fluchtrouten weltweit. Seit Beginn des Jahres kamen laut der Internationalen Organisation f\u00fcr Migration (IOM) bei der \u00dcberquerung 2.446 Menschen ums Leben oder sie werden vermisst. Die Dunkelziffer liegt demnach vermutlich deutlich h\u00f6her. Eine staatlich organisierte Rettungsmission gibt es zurzeit nicht.<\/p>\n<p><strong>Mehr Informationen \u00fcber das B\u00fcndnis \u201eUnited4Rescue\u201c<\/strong><\/p>\n<\/p><\/div>\n","protected":false},"excerpt":{"rendered":"<p>SOS Humanity zufolge sind unter den \u00dcberlebenden mehrere Minderj\u00e4hrige. Beide Eins\u00e4tze h\u00e4tten sich in der maltesischen Such- und Rettungszone in<\/p>\n","protected":false},"author":2,"featured_media":6259,"comment_status":"closed","ping_status":"closed","sticky":false,"template":"","format":"standard","meta":{"footnotes":""},"categories":[20],"tags":[],"_links":{"self":[{"href":"https:\/\/krankenhauspfarramt.de\/index.php\/wp-json\/wp\/v2\/posts\/6258"}],"collection":[{"href":"https:\/\/krankenhauspfarramt.de\/index.php\/wp-json\/wp\/v2\/posts"}],"about":[{"href":"https:\/\/krankenhauspfarramt.de\/index.php\/wp-json\/wp\/v2\/types\/post"}],"author":[{"embeddable":true,"href":"https:\/\/krankenhauspfarramt.de\/index.php\/wp-json\/wp\/v2\/users\/2"}],"replies":[{"embeddable":true,"href":"https:\/\/krankenhauspfarramt.de\/index.php\/wp-json\/wp\/v2\/comments?post=6258"}],"version-history":[{"count":1,"href":"https:\/\/krankenhauspfarramt.de\/index.php\/wp-json\/wp\/v2\/posts\/6258\/revisions"}],"predecessor-version":[{"id":6260,"href":"https:\/\/krankenhauspfarramt.de\/index.php\/wp-json\/wp\/v2\/posts\/6258\/revisions\/6260"}],"wp:featuredmedia":[{"embeddable":true,"href":"https:\/\/krankenhauspfarramt.de\/index.php\/wp-json\/wp\/v2\/media\/6259"}],"wp:attachment":[{"href":"https:\/\/krankenhauspfarramt.de\/index.php\/wp-json\/wp\/v2\/media?parent=6258"}],"wp:term":[{"taxonomy":"category","embeddable":true,"href":"https:\/\/krankenhauspfarramt.de\/index.php\/wp-json\/wp\/v2\/categories?post=6258"},{"taxonomy":"post_tag","embeddable":true,"href":"https:\/\/krankenhauspfarramt.de\/index.php\/wp-json\/wp\/v2\/tags?post=6258"}],"curies":[{"name":"wp","href":"https:\/\/api.w.org\/{rel}","templated":true}]}}