{"id":6264,"date":"2023-10-30T11:32:28","date_gmt":"2023-10-30T11:32:28","guid":{"rendered":"https:\/\/krankenhauspfarramt.de\/index.php\/2023\/10\/30\/deutschland-koennte-mehr-menschen-aufnehmen-ekd\/"},"modified":"2023-10-30T11:32:31","modified_gmt":"2023-10-30T11:32:31","slug":"deutschland-koennte-mehr-menschen-aufnehmen-ekd","status":"publish","type":"post","link":"https:\/\/krankenhauspfarramt.de\/index.php\/2023\/10\/30\/deutschland-koennte-mehr-menschen-aufnehmen-ekd\/","title":{"rendered":"Deutschland k\u00f6nnte mehr Menschen aufnehmen \u2013 EKD"},"content":{"rendered":"<p> <br \/>\n<\/p>\n<div>\n<p>Die Festlegung auf eine \u201ebestimmte Obergrenze\u201c sei eine \u201epopulistische Nebelkerze\u201c, denn sie sei unvereinbar mit dem Grundgesetz und der Genfer Fl\u00fcchtlingskonvention, sagte die westf\u00e4lische Pr\u00e4ses, die an der Spitze der EKD steht. Auf Klagen von Kommunen \u00fcber \u00dcberlastung m\u00fcsse man h\u00f6ren. Von den kirchlichen Ehrenamtlichen sei diese Klage jedoch nicht zu h\u00f6ren. \u201eGrunds\u00e4tzlich m\u00fcsste unser reiches Land in der Lage sein, noch mehr Menschen aufzunehmen, die vor Krieg und unterschiedlichster Not aus ihrer Heimat fliehen und Zuflucht bei uns suchen\u201c, sagte Kurschus.<\/p>\n<p>\u201eDie These, jeder zus\u00e4tzliche Gefl\u00fcchtete gebe den Rechtsextremisten weiteren Auftrieb, halte ich f\u00fcr zu kurz gesprungen\u201c, sagte die Theologin und sprach sich f\u00fcr \u201edeutlich mehr legale Zugangswege nach Europa\u201c aus.<br \/>\u00a0<\/p>\n<\/p><\/div>\n","protected":false},"excerpt":{"rendered":"<p>Die Festlegung auf eine \u201ebestimmte Obergrenze\u201c sei eine \u201epopulistische Nebelkerze\u201c, denn sie sei unvereinbar mit dem Grundgesetz und der Genfer<\/p>\n","protected":false},"author":2,"featured_media":5406,"comment_status":"closed","ping_status":"closed","sticky":false,"template":"","format":"standard","meta":{"footnotes":""},"categories":[20],"tags":[],"_links":{"self":[{"href":"https:\/\/krankenhauspfarramt.de\/index.php\/wp-json\/wp\/v2\/posts\/6264"}],"collection":[{"href":"https:\/\/krankenhauspfarramt.de\/index.php\/wp-json\/wp\/v2\/posts"}],"about":[{"href":"https:\/\/krankenhauspfarramt.de\/index.php\/wp-json\/wp\/v2\/types\/post"}],"author":[{"embeddable":true,"href":"https:\/\/krankenhauspfarramt.de\/index.php\/wp-json\/wp\/v2\/users\/2"}],"replies":[{"embeddable":true,"href":"https:\/\/krankenhauspfarramt.de\/index.php\/wp-json\/wp\/v2\/comments?post=6264"}],"version-history":[{"count":1,"href":"https:\/\/krankenhauspfarramt.de\/index.php\/wp-json\/wp\/v2\/posts\/6264\/revisions"}],"predecessor-version":[{"id":6265,"href":"https:\/\/krankenhauspfarramt.de\/index.php\/wp-json\/wp\/v2\/posts\/6264\/revisions\/6265"}],"wp:featuredmedia":[{"embeddable":true,"href":"https:\/\/krankenhauspfarramt.de\/index.php\/wp-json\/wp\/v2\/media\/5406"}],"wp:attachment":[{"href":"https:\/\/krankenhauspfarramt.de\/index.php\/wp-json\/wp\/v2\/media?parent=6264"}],"wp:term":[{"taxonomy":"category","embeddable":true,"href":"https:\/\/krankenhauspfarramt.de\/index.php\/wp-json\/wp\/v2\/categories?post=6264"},{"taxonomy":"post_tag","embeddable":true,"href":"https:\/\/krankenhauspfarramt.de\/index.php\/wp-json\/wp\/v2\/tags?post=6264"}],"curies":[{"name":"wp","href":"https:\/\/api.w.org\/{rel}","templated":true}]}}