{"id":6266,"date":"2023-10-30T11:49:57","date_gmt":"2023-10-30T11:49:57","guid":{"rendered":"https:\/\/krankenhauspfarramt.de\/index.php\/2023\/10\/30\/unverdrossen-fuer-freiheit-gleichheit-und-geschwisterlichkeit-eintreten-ekd\/"},"modified":"2023-10-30T11:50:00","modified_gmt":"2023-10-30T11:50:00","slug":"unverdrossen-fuer-freiheit-gleichheit-und-geschwisterlichkeit-eintreten-ekd","status":"publish","type":"post","link":"https:\/\/krankenhauspfarramt.de\/index.php\/2023\/10\/30\/unverdrossen-fuer-freiheit-gleichheit-und-geschwisterlichkeit-eintreten-ekd\/","title":{"rendered":"Unverdrossen f\u00fcr Freiheit, Gleichheit und Geschwisterlichkeit eintreten \u2013 EKD"},"content":{"rendered":"<p> <br \/>\n<\/p>\n<div>\n<p>Dazu geh\u00f6re erstens der Glaube: \u201eChristus erl\u00f6st uns von der Angst um uns selbst und befreit uns dazu, unsere N\u00e4chsten zu lieben.\u201c Dazu geh\u00f6re zweitens die Gewissheit, dass kein Mensch heiliger ist als der andere, dass jeder mit unverlierbarer W\u00fcrde ausgestattet ist, dass er ins Leben gerufen ist zum Ebenbild Gottes. Und schlie\u00dflich geh\u00f6re dazu die \u00dcberzeugung, dass wir in Gottes Welt wie Br\u00fcder und Schwestern zusammenleben sollen: \u201eUnd wir k\u00f6nnen es!\u201c<\/p>\n<p>Kurschus: \u201eFrei bist du dann, wenn du von dir selbst absehen kannst und deinen Mitmenschen dienst statt deinem pers\u00f6nlichen oder nationalen Ego.\u201c Deshalb mahnt die EKD-Ratsvorsitzende: \u201eBewahren wir den Mut, unverdrossen f\u00fcr Freiheit, Gleichheit und Geschwisterlichkeit einzutreten. Das ist mein Wunsch zum Reformationstag.\u201c<\/p>\n<p>Unsere Demokratie braucht die Sehnsucht der Hoffenden.\u201c Das sagt <strong>Bisch\u00f6fin Kirsten Fehrs, stellvertretende Ratsvorsitzende der EKD<\/strong>, in der Schlosskirche in Wittenberg in ihrer Predigt. \u201eSie braucht die Ver\u00e4nderungskraft der Sehns\u00fcchtigen, die den Schmerz f\u00fchlen und wissen, dass es anders sein soll. Um Gottes Willen. Uns allen ist die Kraft zum Guten gegeben. Und zur Vers\u00f6hnung. Und der Glaube, dass es letztlich nur die Liebe ist, die die Macht hat, Verh\u00e4ltnisse zu ver\u00e4ndern.\u201c\u00a0<\/p>\n<p>Angesichts der brutalen Angriffe der Hamas auf Israel und der barbarischen Akte gegen die Zivilbev\u00f6lkerung macht Fehrs deutlich: \u201eJede Form von Antisemitismus fordert unser unmissverst\u00e4ndliches Nein. Er ist menschenverachtend. Gottlos. Nicht zu dulden. Unsere Demokratie ist jetzt angewiesen auf den besonnenen, mitf\u00fchlenden, handelnden Menschen. Der wei\u00df, dass W\u00fcrde kein Konjunktiv ist.\u201c<\/p>\n<p><strong>Anna-Nicole Heinrich, Pr\u00e4ses der Synode der EKD<\/strong>, predigt im BR- Rundfunkgottesdienst zum Thema \u201ePriestertum aller Gl\u00e4ubigen\u201c. Darin sagt sie: \u201eMeine evangelische Kirche ist doch eine Beteiligungskirche, in der Ehrenamtliche und Hauptamtliche unterschiedlichster Professionen zusammen Glauben leben und Leben gestalten.\u201c<\/p>\n<p>Im Gottesdienst werden junge Menschen in unterschiedlichen Formen ihrem Glauben Ausdruck verleihen. Heinrich: \u201e\u00d6ffentlich andere am eigenen Glauben teilhaben lassen \u2013 das braucht Mut, das braucht Empowerment und Experimentierfreude.\u201c Es gehe darum sich zu zeigen, mit dem eigenen Glauben, verletzlich und doch gest\u00e4rkt. Heinrich: \u201eFinsteren Zukunftsaussichten zum Trotz. In der Hoffnung, mit Gottes Hilfe was ver\u00e4ndern zu k\u00f6nnen.\u201c<\/p>\n<p><strong>Zum Reformationstag:<\/strong><br \/>Am Reformationstag erinnern Protestantinnen und Protestanten in aller Welt an den Beginn der Reformation durch die Ver\u00f6ffentlichung der 95 Thesen von Martin Luther am 31. Oktober 1517. Mit seiner Kritik an der Kirche seiner Zeit hat Luther Ver\u00e4nderungen angesto\u00dfen, die sp\u00e4ter zum Entstehen der evangelischen Kirche f\u00fchrten.<\/p>\n<p><strong>Termine am Reformationstag:<\/strong><\/p>\n<ul>\n<li><strong>Annette Kurschus, Ratsvorsitzende der EKD<\/strong>, predigt bei der zentralen Reformationsfeier in Bonn, die um 19 Uhr in der Kreuzkirche, der evangelischen Stadtkirche am Kaiserplatz, beginnt.<\/li>\n<li>Um 11.30 Uhr findet in der Schlosskirche zu Wittenberg ein Festgottesdienst statt, in dem <strong>Kirsten Fehrs, stellvertretende Ratsvorsitzende der EKD<\/strong>, predigt. Nach dem Gottesdienst findet gegen 12.45 Uhr ein Empfang der EKD statt.<\/li>\n<li>Um 19 Uhr predigt <strong>Anna-Nicole Heinrich, Pr\u00e4ses der Synode der EKD<\/strong>, im Bayern 1-Rundfunkgottesdienst, der live aus der \u201eLUX Junge Kirche N\u00fcrnberg\u201c \u00fcbertragen wird.<\/li>\n<\/ul>\n<p><strong>Link zur Videobotschaft<\/strong>: www.ekd.de\/kurschus-reformationstag2023<\/p>\n<p>Hannover, 30. Oktober 2023<\/p>\n<p>Bernd Tiggemann<br \/>Pressestelle der EKD<br \/>\u00a0<\/p>\n<\/p><\/div>\n","protected":false},"excerpt":{"rendered":"<p>Dazu geh\u00f6re erstens der Glaube: \u201eChristus erl\u00f6st uns von der Angst um uns selbst und befreit uns dazu, unsere N\u00e4chsten<\/p>\n","protected":false},"author":2,"featured_media":569,"comment_status":"closed","ping_status":"closed","sticky":false,"template":"","format":"standard","meta":{"footnotes":""},"categories":[20],"tags":[],"_links":{"self":[{"href":"https:\/\/krankenhauspfarramt.de\/index.php\/wp-json\/wp\/v2\/posts\/6266"}],"collection":[{"href":"https:\/\/krankenhauspfarramt.de\/index.php\/wp-json\/wp\/v2\/posts"}],"about":[{"href":"https:\/\/krankenhauspfarramt.de\/index.php\/wp-json\/wp\/v2\/types\/post"}],"author":[{"embeddable":true,"href":"https:\/\/krankenhauspfarramt.de\/index.php\/wp-json\/wp\/v2\/users\/2"}],"replies":[{"embeddable":true,"href":"https:\/\/krankenhauspfarramt.de\/index.php\/wp-json\/wp\/v2\/comments?post=6266"}],"version-history":[{"count":1,"href":"https:\/\/krankenhauspfarramt.de\/index.php\/wp-json\/wp\/v2\/posts\/6266\/revisions"}],"predecessor-version":[{"id":6267,"href":"https:\/\/krankenhauspfarramt.de\/index.php\/wp-json\/wp\/v2\/posts\/6266\/revisions\/6267"}],"wp:featuredmedia":[{"embeddable":true,"href":"https:\/\/krankenhauspfarramt.de\/index.php\/wp-json\/wp\/v2\/media\/569"}],"wp:attachment":[{"href":"https:\/\/krankenhauspfarramt.de\/index.php\/wp-json\/wp\/v2\/media?parent=6266"}],"wp:term":[{"taxonomy":"category","embeddable":true,"href":"https:\/\/krankenhauspfarramt.de\/index.php\/wp-json\/wp\/v2\/categories?post=6266"},{"taxonomy":"post_tag","embeddable":true,"href":"https:\/\/krankenhauspfarramt.de\/index.php\/wp-json\/wp\/v2\/tags?post=6266"}],"curies":[{"name":"wp","href":"https:\/\/api.w.org\/{rel}","templated":true}]}}