{"id":6268,"date":"2023-10-30T15:34:23","date_gmt":"2023-10-30T15:34:23","guid":{"rendered":"https:\/\/krankenhauspfarramt.de\/index.php\/2023\/10\/30\/evangelische-kirche-ruft-zur-staerkung-der-demokratie-auf-ekd\/"},"modified":"2023-10-30T15:34:26","modified_gmt":"2023-10-30T15:34:26","slug":"evangelische-kirche-ruft-zur-staerkung-der-demokratie-auf-ekd","status":"publish","type":"post","link":"https:\/\/krankenhauspfarramt.de\/index.php\/2023\/10\/30\/evangelische-kirche-ruft-zur-staerkung-der-demokratie-auf-ekd\/","title":{"rendered":"Evangelische Kirche ruft zur St\u00e4rkung der Demokratie auf \u2013 EKD"},"content":{"rendered":"<p> <br \/>\n<\/p>\n<div>\n<p>Zu den brutalen Angriffen der Hamas auf Israel und den barbarischen Akten gegen die Zivilbev\u00f6lkerung erkl\u00e4rte Fehrs: \u201eJede Form von Antisemitismus fordert unser unmissverst\u00e4ndliches Nein. Er ist menschenverachtend. Gottlos. Nicht zu dulden. Unsere Demokratie ist jetzt angewiesen auf den besonnenen, mitf\u00fchlenden, handelnden Menschen. Der wei\u00df, dass W\u00fcrde kein Konjunktiv ist\u201c, hie\u00df es in von der EKD vorab ver\u00f6ffentlichten Ausz\u00fcgen ihrer Predigt zum Reformationstag in der Schlosskirche in Wittenberg.<\/p>\n<p>Kurschus erkl\u00e4rte, jeder Mensch sei mit unverlierbarer W\u00fcrde ausgestattet. \u201eFrei bist du dann, wenn du von dir selbst absehen kannst und deinen Mitmenschen dienst statt deinem pers\u00f6nlichen oder nationalen Ego\u201c, sagte sie.<\/p>\n<p>Am Reformationstag erinnern Protestantinnen und Protestanten in aller Welt an den Beginn der Reformation durch die Ver\u00f6ffentlichung der 95 Thesen von Martin Luther am 31. Oktober 1517. Mit seiner Kritik an der Kirche seiner Zeit stie\u00df Luther Ver\u00e4nderungen an, die sp\u00e4ter zum Entstehen der evangelischen Kirche f\u00fchrten.<br \/>\u00a0<\/p>\n<\/p><\/div>\n","protected":false},"excerpt":{"rendered":"<p>Zu den brutalen Angriffen der Hamas auf Israel und den barbarischen Akten gegen die Zivilbev\u00f6lkerung erkl\u00e4rte Fehrs: \u201eJede Form von<\/p>\n","protected":false},"author":2,"featured_media":2077,"comment_status":"closed","ping_status":"closed","sticky":false,"template":"","format":"standard","meta":{"footnotes":""},"categories":[20],"tags":[],"_links":{"self":[{"href":"https:\/\/krankenhauspfarramt.de\/index.php\/wp-json\/wp\/v2\/posts\/6268"}],"collection":[{"href":"https:\/\/krankenhauspfarramt.de\/index.php\/wp-json\/wp\/v2\/posts"}],"about":[{"href":"https:\/\/krankenhauspfarramt.de\/index.php\/wp-json\/wp\/v2\/types\/post"}],"author":[{"embeddable":true,"href":"https:\/\/krankenhauspfarramt.de\/index.php\/wp-json\/wp\/v2\/users\/2"}],"replies":[{"embeddable":true,"href":"https:\/\/krankenhauspfarramt.de\/index.php\/wp-json\/wp\/v2\/comments?post=6268"}],"version-history":[{"count":1,"href":"https:\/\/krankenhauspfarramt.de\/index.php\/wp-json\/wp\/v2\/posts\/6268\/revisions"}],"predecessor-version":[{"id":6269,"href":"https:\/\/krankenhauspfarramt.de\/index.php\/wp-json\/wp\/v2\/posts\/6268\/revisions\/6269"}],"wp:featuredmedia":[{"embeddable":true,"href":"https:\/\/krankenhauspfarramt.de\/index.php\/wp-json\/wp\/v2\/media\/2077"}],"wp:attachment":[{"href":"https:\/\/krankenhauspfarramt.de\/index.php\/wp-json\/wp\/v2\/media?parent=6268"}],"wp:term":[{"taxonomy":"category","embeddable":true,"href":"https:\/\/krankenhauspfarramt.de\/index.php\/wp-json\/wp\/v2\/categories?post=6268"},{"taxonomy":"post_tag","embeddable":true,"href":"https:\/\/krankenhauspfarramt.de\/index.php\/wp-json\/wp\/v2\/tags?post=6268"}],"curies":[{"name":"wp","href":"https:\/\/api.w.org\/{rel}","templated":true}]}}