{"id":6270,"date":"2023-10-30T19:36:22","date_gmt":"2023-10-30T19:36:22","guid":{"rendered":"https:\/\/krankenhauspfarramt.de\/index.php\/2023\/10\/30\/neuer-landesbischof-will-kompromisssuchender-sein-ekd\/"},"modified":"2023-10-30T19:36:25","modified_gmt":"2023-10-30T19:36:25","slug":"neuer-landesbischof-will-kompromisssuchender-sein-ekd","status":"publish","type":"post","link":"https:\/\/krankenhauspfarramt.de\/index.php\/2023\/10\/30\/neuer-landesbischof-will-kompromisssuchender-sein-ekd\/","title":{"rendered":"Neuer Landesbischof will Kompromisssuchender sein \u2013 EKD"},"content":{"rendered":"<p> <br \/>\n<\/p>\n<div>\n<p>N\u00fcrnberg (epd). Der neue Landesbischof der evangelischen Kirche in Bayern, Christian Kopp, hat sich im Einf\u00fchrungsgottesdienst am Sonntag in der N\u00fcrnberger Lorenzkirche als \u201ekompromissloser Kompromisssuchender\u201c vorgestellt. Im Festgottesdienst zu seiner Einf\u00fchrung und zum Abschied seines Vorg\u00e4ngers Heinrich Bedford-Strohm forderte Kopp dazu auf, \u201ein Zeiten der Verw\u00fcstung\u201c miteinander L\u00f6sungen zu suchen und sich nicht zur\u00fcckzuziehen. Christinnen und Christen h\u00e4tten die Aufgabe, \u201ezwischen Schwachen und Starken zu vermitteln\u201c. Den christlichen Glauben und das Judentum und den Islam gebe es nicht \u201eohne kompromissloses Eintreten f\u00fcr die N\u00e4chsten\u201c.<\/p>\n<\/p><\/div>\n<div id=\"\">\n<p>Sich auf Gemeinsames zu einigen, sei heute schwer geworden, bedauerte Kopp. \u201eZu viele Leute wollen zu lange und zu heftig Recht behalten\u201c. Es sei gang und g\u00e4be geworden, aus der Distanz \u00fcber andere herablassend zu sprechen und zu hetzen. Er forderte daher dazu auf, \u201eauf die Sprache zu achten\u201c. Das Beste f\u00fcr Stadt und Land gebe es nur, wenn es im Kleinen wie im Gro\u00dfen Frieden gebe.<\/p>\n<p>Kopp ging auf Parallelen zwischen der Bibel und der derzeitigen Lage im Nahen Osten ein. Es gebe \u201eunfassbares Leid in Israel und Gr\u00e4ueltaten ohne Ma\u00df\u201c. Es d\u00fcrfe nicht sein, dass es f\u00fcr J\u00fcdinnen und Juden keinen sicheren Ort auf der ganzen Welt gebe. Antisemitismus auf den Stra\u00dfen Deutschlands bezeichnete der neue Bischof als unertr\u00e4glich. Unertr\u00e4glich sei auch, \u201edass die Menschen in Gaza und im Westjordanland kein normales Leben f\u00fchren d\u00fcrfen\u201c.<\/p>\n<p>Im gleichen Gottesdienst wurde zuvor der bisherige Landesbischof Bedford-Strohm offiziell entpflichtet. Die Vorsitzende der Evangelischen Kirche in Deutschland (EKD), Annette Kurschus, w\u00fcrdigte Bedford-Strohm als Menschen mit einem tiefen Glauben und wachem Blick in die Welt. \u201eFromm sein und politisches Denken geh\u00f6ren f\u00fcr dich zusammen, das hast du gelebt.\u201c Der scheidende Bischof sei von Leidenschaft durchdrungen und habe nichts von seinem Schwung verloren.<\/p>\n<p>Der Festgottesdienst, zu dem rund 1.200 G\u00e4ste gekommen waren, wurde im Fernsehen \u00fcbertragen. Beteiligt waren unter anderem Erzbischof Reinhard Marx und die Pr\u00e4sidentin der Diakonie in Bayern, Sabine Weing\u00e4rtner, sowie G\u00e4ste aus Papua-Neuguinea, Ruanda und Rum\u00e4nien.<br \/>\u00a0<\/p>\n<\/div>\n","protected":false},"excerpt":{"rendered":"<p>N\u00fcrnberg (epd). Der neue Landesbischof der evangelischen Kirche in Bayern, Christian Kopp, hat sich im Einf\u00fchrungsgottesdienst am Sonntag in der<\/p>\n","protected":false},"author":2,"featured_media":6271,"comment_status":"closed","ping_status":"closed","sticky":false,"template":"","format":"standard","meta":{"footnotes":""},"categories":[20],"tags":[],"_links":{"self":[{"href":"https:\/\/krankenhauspfarramt.de\/index.php\/wp-json\/wp\/v2\/posts\/6270"}],"collection":[{"href":"https:\/\/krankenhauspfarramt.de\/index.php\/wp-json\/wp\/v2\/posts"}],"about":[{"href":"https:\/\/krankenhauspfarramt.de\/index.php\/wp-json\/wp\/v2\/types\/post"}],"author":[{"embeddable":true,"href":"https:\/\/krankenhauspfarramt.de\/index.php\/wp-json\/wp\/v2\/users\/2"}],"replies":[{"embeddable":true,"href":"https:\/\/krankenhauspfarramt.de\/index.php\/wp-json\/wp\/v2\/comments?post=6270"}],"version-history":[{"count":1,"href":"https:\/\/krankenhauspfarramt.de\/index.php\/wp-json\/wp\/v2\/posts\/6270\/revisions"}],"predecessor-version":[{"id":6272,"href":"https:\/\/krankenhauspfarramt.de\/index.php\/wp-json\/wp\/v2\/posts\/6270\/revisions\/6272"}],"wp:featuredmedia":[{"embeddable":true,"href":"https:\/\/krankenhauspfarramt.de\/index.php\/wp-json\/wp\/v2\/media\/6271"}],"wp:attachment":[{"href":"https:\/\/krankenhauspfarramt.de\/index.php\/wp-json\/wp\/v2\/media?parent=6270"}],"wp:term":[{"taxonomy":"category","embeddable":true,"href":"https:\/\/krankenhauspfarramt.de\/index.php\/wp-json\/wp\/v2\/categories?post=6270"},{"taxonomy":"post_tag","embeddable":true,"href":"https:\/\/krankenhauspfarramt.de\/index.php\/wp-json\/wp\/v2\/tags?post=6270"}],"curies":[{"name":"wp","href":"https:\/\/api.w.org\/{rel}","templated":true}]}}