{"id":6273,"date":"2023-10-30T23:38:18","date_gmt":"2023-10-30T23:38:18","guid":{"rendered":"https:\/\/krankenhauspfarramt.de\/index.php\/2023\/10\/30\/neuer-landesbischof-wird-in-nuernberger-lorenzkirche-eingefuehrt-ekd\/"},"modified":"2023-10-30T23:38:20","modified_gmt":"2023-10-30T23:38:20","slug":"neuer-landesbischof-wird-in-nuernberger-lorenzkirche-eingefuehrt-ekd","status":"publish","type":"post","link":"https:\/\/krankenhauspfarramt.de\/index.php\/2023\/10\/30\/neuer-landesbischof-wird-in-nuernberger-lorenzkirche-eingefuehrt-ekd\/","title":{"rendered":"Neuer Landesbischof wird in N\u00fcrnberger Lorenzkirche eingef\u00fchrt \u2013 EKD"},"content":{"rendered":"<p> <br \/>\n<\/p>\n<div>\n<p>Der Bischof der evangelisch-lutherischen Landeskirche Hannovers und Leitende Bischof der Vereinigten Evangelisch-Lutherische Kirche Deutschlands (VELKD), Ralf Meister, wird Kopp das Amtskreuz \u00fcberreichen. Die Feier wird live im BR-Fernsehen und im H\u00f6rfunk \u00fcbertragen. Bei einem anschlie\u00dfenden Empfang im Rathaussaal sprechen neben anderen Ministerpr\u00e4sident Markus S\u00f6der (CSU) und der M\u00fcnchner Erzbischof Kardinal Reinhard Marx.<\/p>\n<p>Der 59-j\u00e4hrige Kopp war Ende M\u00e4rz von der Landessynode gew\u00e4hlt worden. Seine Amtszeit beginnt am 1. November und betr\u00e4gt zehn Jahre. Der geb\u00fcrtige Regensburger war unter anderem Pfarrer in N\u00fcrnberg, Studienleiter der Gemeindeakademie Rummelsberg und von 2013 bis 2019 Dekan im Prodekanatsbezirk N\u00fcrnberg-S\u00fcd. Seit 2019 war er Regionalbischof in M\u00fcnchen und Oberbayern und Mitglied des Landeskirchenrats.<\/p>\n<p>Die bayerische evangelische Landeskirche hat 2,14 Millionen Mitglieder in 1.536 Kirchengemeinden.<\/p>\n<\/p><\/div>\n","protected":false},"excerpt":{"rendered":"<p>Der Bischof der evangelisch-lutherischen Landeskirche Hannovers und Leitende Bischof der Vereinigten Evangelisch-Lutherische Kirche Deutschlands (VELKD), Ralf Meister, wird Kopp das<\/p>\n","protected":false},"author":2,"featured_media":6274,"comment_status":"closed","ping_status":"closed","sticky":false,"template":"","format":"standard","meta":{"footnotes":""},"categories":[20],"tags":[],"_links":{"self":[{"href":"https:\/\/krankenhauspfarramt.de\/index.php\/wp-json\/wp\/v2\/posts\/6273"}],"collection":[{"href":"https:\/\/krankenhauspfarramt.de\/index.php\/wp-json\/wp\/v2\/posts"}],"about":[{"href":"https:\/\/krankenhauspfarramt.de\/index.php\/wp-json\/wp\/v2\/types\/post"}],"author":[{"embeddable":true,"href":"https:\/\/krankenhauspfarramt.de\/index.php\/wp-json\/wp\/v2\/users\/2"}],"replies":[{"embeddable":true,"href":"https:\/\/krankenhauspfarramt.de\/index.php\/wp-json\/wp\/v2\/comments?post=6273"}],"version-history":[{"count":1,"href":"https:\/\/krankenhauspfarramt.de\/index.php\/wp-json\/wp\/v2\/posts\/6273\/revisions"}],"predecessor-version":[{"id":6275,"href":"https:\/\/krankenhauspfarramt.de\/index.php\/wp-json\/wp\/v2\/posts\/6273\/revisions\/6275"}],"wp:featuredmedia":[{"embeddable":true,"href":"https:\/\/krankenhauspfarramt.de\/index.php\/wp-json\/wp\/v2\/media\/6274"}],"wp:attachment":[{"href":"https:\/\/krankenhauspfarramt.de\/index.php\/wp-json\/wp\/v2\/media?parent=6273"}],"wp:term":[{"taxonomy":"category","embeddable":true,"href":"https:\/\/krankenhauspfarramt.de\/index.php\/wp-json\/wp\/v2\/categories?post=6273"},{"taxonomy":"post_tag","embeddable":true,"href":"https:\/\/krankenhauspfarramt.de\/index.php\/wp-json\/wp\/v2\/tags?post=6273"}],"curies":[{"name":"wp","href":"https:\/\/api.w.org\/{rel}","templated":true}]}}