{"id":6293,"date":"2023-11-06T13:50:49","date_gmt":"2023-11-06T13:50:49","guid":{"rendered":"https:\/\/krankenhauspfarramt.de\/index.php\/2023\/11\/06\/bestuerzung-ueber-die-unheimliche-aktualitaet-des-gedenktags-an-die-novemberpogrome-ekd\/"},"modified":"2023-11-06T13:50:51","modified_gmt":"2023-11-06T13:50:51","slug":"bestuerzung-ueber-die-unheimliche-aktualitaet-des-gedenktags-an-die-novemberpogrome-ekd","status":"publish","type":"post","link":"https:\/\/krankenhauspfarramt.de\/index.php\/2023\/11\/06\/bestuerzung-ueber-die-unheimliche-aktualitaet-des-gedenktags-an-die-novemberpogrome-ekd\/","title":{"rendered":"Best\u00fcrzung \u00fcber die \u201eunheimliche Aktualit\u00e4t\u201c des Gedenktags an die Novemberpogrome \u2013 EKD"},"content":{"rendered":"<p> <br \/>\n<\/p>\n<div id=\"\">\n<div class=\"article--meta article--meta__border clearfix\">\n<p>                                    <time datetime=\"06.11.2023 13:00\" class=\"article--time\">06.11.2023<\/time><\/p>\n<p>                                     <strong class=\"article--type primus--overline\">Pressemitteilung<\/strong><\/p>\n<picture class=\"article--source-image image\"><source srcset=\"https:\/\/www.ekd.de\/ekd_de\/ds_img\/assets\/velkd.jpg\"><!--<source srcset=\"\/ekd_de\/ds_img\/assets\/velkd_rdax_141x141.jpg 1x, \/ekd_de\/ds_img\/assets\/velkd_rdax_282x282.jpg 2x, https:\/\/www.ekd.de\/ekd_de\/ds_img\/assets\/velkd.jpg 3x\">--><\/p>\n<p>    <\/source><\/picture>\n<\/p><\/div>\n<h2 class=\"article--sub-headline primus--sub-headline\">Stellungnahme der VELKD-Bischofskonferenz zum 9. November<\/h2>\n<\/p><\/div>\n<div id=\"\">\n<p>Die Bischofskonferenz der VELKD hat sich best\u00fcrzt dar\u00fcber gezeigt, dass zum 85. Jahrestag der Novemberpogrome J\u00fcdinnen und Juden in Deutschland erneut durch antisemitisch motivierte sprachliche und reale Gewalt bedroht werden. \u201eDie unheimliche Aktualit\u00e4t des Gedenktags veranlasst uns, eine Selbstverst\u00e4ndlichkeit zu betonen: J\u00fcdisches Leben muss in Deutschland unbeschwert m\u00f6glich sein. Es ist unertr\u00e4glich, wenn mitten in deutschen Gro\u00dfst\u00e4dten antisemitische Parolen gegr\u00f6lt und plakatiert werden, wenn Synagogen, j\u00fcdische Friedh\u00f6fe und Mahnmale polizeilich besch\u00fctzt werden m\u00fcssen, wenn j\u00fcdische Eltern Angst haben, ihre Kinder in Kitas und Schulen zu schicken\u201c, hei\u00dft es in dem Schreiben, das die 16 Mitglieder des Gremiums, darunter alle Landesbisch\u00f6f:innen der sieben VELKD-Gliedkirchen, unterzeichnet haben.<\/p>\n<p>Selbstkritisch zur eigenen Tradition merkt die Stellungnahme an: \u201eDie Berufung auf Martin Luther verpflichtet uns zu einer ausgepr\u00e4gten Sensibilit\u00e4t f\u00fcr jeden despektierlichen Umgang mit der j\u00fcdischen Religion, ihren Gl\u00e4ubigen, ihren heiligen Orten und ihren Symbolen. Luthers antijudaistische Schm\u00e4hungen, auf die sich auch die Nationalsozialisten in ihrem antisemitischen Furor berufen haben, stehen f\u00fcr uns im denkbar gr\u00f6\u00dften Gegensatz zu dem Glauben an den einen Gott, der sich in dem Juden Jesus offenbart hat.\u201c Deshalb sehen sich die lutherischen Geistlichen in besonderer Verantwortung, \u201eim Erinnern an die schreckliche Geschichte der Deutschen im Umgang mit J\u00fcdinnen und Juden f\u00fcr ein Miteinander aller Menschen im Geist der N\u00e4chstenliebe zu werben \u2013 ein Gebot der Tora, das Jesus als \u201ah\u00f6chstes Gebot\u2018 unterstreicht\u201c. Die Bischofskonferenz ruft alle in Deutschland Lebenden dazu auf mitzuhelfen, \u201edie Nation des einstigen Naziterrors zu einem Land des friedlichen Miteinanders und gegenseitigen Respekts zu machen und als solches zu erhalten\u201c.<\/p>\n<p>F\u00fcr die Gemeinden ihrer Landeskirchen, die am 9.\u00a0November\u00a02023 gottesdienstliche Formen planen, weist die Bischofskonferenz empfehlend auf die liturgischen Texte hin, die in der neuen Perikopenordnung f\u00fcr den Tag des Gedenkens an die Novemberpogrome vorgeschlagen werden: \u201eMit den Worten des Eingangspsalms k\u00f6nnen wir unsere Best\u00fcrzung klagend an Gott richten: \u201aMache dich auf, Gott, und f\u00fchre deine Sache; gedenke an die Schmach, die dir t\u00e4glich von den Toren widerf\u00e4hrt\u2018 (Psalm 74,21). Aus dem gleichen Text nehmen wir die Zuversicht, dass wir nicht ins Leere rufen: \u201aGott ist ja mein K\u00f6nig von alters her, der alle Hilfe tut, die auf Erden geschieht\u2018 (12).\u201c<\/p>\n<p>Die Bischofskonferenz tagt am 9.\u00a0November in Ulm \u2013 als Auftakt zur Generalsynode der VELKD, die bis zum 13. November dauert und mit der Synode der Evangelischen Kirche in Deutschland (EKD), 11. bis 15. November, und der Versammlung der Union Evangelischer Kirchen in der EKD (UEK), 11. bis 13.\u00a0November verbunden ist.<\/p>\n<p><em>Die vollst\u00e4ndige Stellungnahme k\u00f6nnen Sie <\/em><em>hie<\/em><em>r herunterladen.<\/em><\/p>\n<p>Hannover, 6. November 2023<\/p>\n<p>Pressestelle der VELKD<br \/>Dr. Frank Hofmann<br \/>Pressesprecher<\/p>\n<\/div>\n","protected":false},"excerpt":{"rendered":"<p>06.11.2023 Pressemitteilung Stellungnahme der VELKD-Bischofskonferenz zum 9. November Die Bischofskonferenz der VELKD hat sich best\u00fcrzt dar\u00fcber gezeigt, dass zum 85.<\/p>\n","protected":false},"author":2,"featured_media":611,"comment_status":"closed","ping_status":"closed","sticky":false,"template":"","format":"standard","meta":{"footnotes":""},"categories":[20],"tags":[],"_links":{"self":[{"href":"https:\/\/krankenhauspfarramt.de\/index.php\/wp-json\/wp\/v2\/posts\/6293"}],"collection":[{"href":"https:\/\/krankenhauspfarramt.de\/index.php\/wp-json\/wp\/v2\/posts"}],"about":[{"href":"https:\/\/krankenhauspfarramt.de\/index.php\/wp-json\/wp\/v2\/types\/post"}],"author":[{"embeddable":true,"href":"https:\/\/krankenhauspfarramt.de\/index.php\/wp-json\/wp\/v2\/users\/2"}],"replies":[{"embeddable":true,"href":"https:\/\/krankenhauspfarramt.de\/index.php\/wp-json\/wp\/v2\/comments?post=6293"}],"version-history":[{"count":1,"href":"https:\/\/krankenhauspfarramt.de\/index.php\/wp-json\/wp\/v2\/posts\/6293\/revisions"}],"predecessor-version":[{"id":6294,"href":"https:\/\/krankenhauspfarramt.de\/index.php\/wp-json\/wp\/v2\/posts\/6293\/revisions\/6294"}],"wp:featuredmedia":[{"embeddable":true,"href":"https:\/\/krankenhauspfarramt.de\/index.php\/wp-json\/wp\/v2\/media\/611"}],"wp:attachment":[{"href":"https:\/\/krankenhauspfarramt.de\/index.php\/wp-json\/wp\/v2\/media?parent=6293"}],"wp:term":[{"taxonomy":"category","embeddable":true,"href":"https:\/\/krankenhauspfarramt.de\/index.php\/wp-json\/wp\/v2\/categories?post=6293"},{"taxonomy":"post_tag","embeddable":true,"href":"https:\/\/krankenhauspfarramt.de\/index.php\/wp-json\/wp\/v2\/tags?post=6293"}],"curies":[{"name":"wp","href":"https:\/\/api.w.org\/{rel}","templated":true}]}}