{"id":6304,"date":"2023-11-10T19:13:26","date_gmt":"2023-11-10T19:13:26","guid":{"rendered":"https:\/\/krankenhauspfarramt.de\/index.php\/2023\/11\/10\/erzaehlen-gegen-die-nackten-tatsachen-des-grauens-ekd\/"},"modified":"2023-11-10T19:13:28","modified_gmt":"2023-11-10T19:13:28","slug":"erzaehlen-gegen-die-nackten-tatsachen-des-grauens-ekd","status":"publish","type":"post","link":"https:\/\/krankenhauspfarramt.de\/index.php\/2023\/11\/10\/erzaehlen-gegen-die-nackten-tatsachen-des-grauens-ekd\/","title":{"rendered":"Erz\u00e4hlen gegen die \u201enackten Tatsachen des Grauens\u201c \u2013 EKD"},"content":{"rendered":"<p> <br \/>\n<\/p>\n<div id=\"\">\n<div class=\"article--meta article--meta__border clearfix\">\n<p>                                    <time datetime=\"10.11.2023 18:00\" class=\"article--time\">10.11.2023<\/time><\/p>\n<p>                                     <strong class=\"article--type primus--overline\">Pressemitteilung<\/strong><\/p>\n<picture class=\"article--source-image image\"><source srcset=\"https:\/\/www.ekd.de\/ekd_de\/ds_img\/assets\/velkd.jpg\"><!--<source srcset=\"\/ekd_de\/ds_img\/assets\/velkd_rdax_141x141.jpg 1x, \/ekd_de\/ds_img\/assets\/velkd_rdax_282x282.jpg 2x, https:\/\/www.ekd.de\/ekd_de\/ds_img\/assets\/velkd.jpg 3x\">--><\/p>\n<p>    <\/source><\/picture>\n<\/p><\/div>\n<h2 class=\"article--sub-headline primus--sub-headline\">Leitender Bischof der VELKD, Landesbischof Ralf Meister, er\u00f6ffnet die Generalsynode mit einem Pl\u00e4doyer f\u00fcr biblische Sprachformen<\/h2>\n<\/p><\/div>\n<div id=\"\">\n<p>Zu Beginn seiner Rede dr\u00fcckte Meister seine Ersch\u00fctterung aus \u00fcber den \u201eAusbruch von Gewalt gegen\u00fcber J\u00fcdinnen und Juden, die Ausweitung antisemitischer Hetze und antiisraelischer Kritik, die auch die Existenz des Staates Israel betrifft\u201c. Vor diesem aktuellen Hintergrund stelle sich das vor einem Jahr gew\u00e4hlte Synodenthema \u201eSprach- und Handlungsf\u00e4higkeit im Glauben\u201c in einer neuen Perspektive dar, sagte der Bischof in seinem Bericht auf der 4. Tagung der 13. VELKD-Generalsynode in Ulm. \u201eMit welchen Erz\u00e4hlungen und in welcher Sprache stattet uns unser Glaube aus, damit wir in Ratlosigkeit, Trauer, ja Verzweiflung handlungsf\u00e4hig bleiben? Welche Worte und Ber\u00fchrungen halten uns selbst? Wo empfangen wir Trost und Hoffnung und geben sie weiter? Was hilft in diesen finsteren Zeiten?\u201c<\/p>\n<p>Angesichts des Grauens setze er auf die Erz\u00e4hlung: \u201eIch glaube: Erz\u00e4hlen hilft. Sich etwas erz\u00e4hlen zu lassen genauso wie selbst zu erz\u00e4hlen.\u201c Dabei gehe es nicht darum, in sch\u00f6ne Geschichten zu fl\u00fcchten und die Augen vor der Wirklichkeit zu verschlie\u00dfen. \u201eEs geht um das, was Robert Musil den \u201aM\u00f6glichkeitssinn\u2018 nannte: den Freiheitsraum zu erschlie\u00dfen, in dem es eben nicht nur die eine, unausweichlich erscheinende Option gibt, sondern auch Alternativen\u201c, f\u00fchrte der Bischof aus. \u201eGeschichten stellen uns vor Entscheidungen, weil wir uns zu ihnen im Prozess des Verstehens verhalten m\u00fcssen. Entscheidungen bringen uns ins Handeln. Handeln setzt die Energie frei zum Weiterleben.\u201c<\/p>\n<p>Die drei wichtigsten Welterz\u00e4hlungen, die derzeit die Debatten bestimmen und zu denen die Bibel etwas beitragen k\u00f6nne, seien die Geschichten vom friedlichen Zusammenleben, von der Gleichwertigkeit aller Menschen und vom Leben in der Sch\u00f6pfung. \u201eZu allen drei Weltdichtungen antwortet Gott durch Erz\u00e4hler:innen der Bibel. Es sind Erz\u00e4hlungen, in denen wir unsere Ma\u00dfst\u00e4be sch\u00e4rfen, Irrwege erkennen und str\u00e4fliches menschliches Versagen eingestehen.\u201c Die biblischen Geschichten k\u00f6nnten nicht die Weltprobleme l\u00f6sen. Aber sie seien \u201eunser bleibender geistlicher und theologischer Ausgangspunkt, dem wir verpflichtet sind. Nur mit ihnen bleiben wir in dieser Welt glaubw\u00fcrdig, so dass sogar Agnostiker uns weiterhin zuh\u00f6ren.\u201c<\/p>\n<p>Am Samstag, den 11. November, befasst sich die Generalsynode mit dem Themenschwerpunkt \u201eLutherische Identit\u00e4t\u201c, am Sonntag mit dem Bericht des Catholica-Beauftragten der VELKD, Landesbischof Dr. Karl-Hinrich Manzke.<\/p>\n<p><em>Den kompletten Bericht des Leitenden Bischofs k\u00f6nnen Sie <\/em><em>hier<\/em><em> herunterladen.<\/em><\/p>\n<p><em>Hinweis: Die 4. Tagung der 13. Generalsynode findet vom 10. bis 13. November in Ulm in Verbindung mit der Synode der Evangelischen Kirche in Deutschland (EKD) und der Versammlung der Union Evangelischer Kirchen (UEK) statt. Informationen, Berichte und Bilder finden Sie hier: <\/em><em>www.velkd.de\/generalsynode2023<\/em><em>.\u00a0<\/em><\/p>\n<p>Ulm, 10. November 2023<\/p>\n<p>Pressestelle der VELKD<br \/>Dr. Frank Hofmann<br \/>Pressesprecher<\/p>\n<p>\u00a0<\/p>\n<\/div>\n","protected":false},"excerpt":{"rendered":"<p>10.11.2023 Pressemitteilung Leitender Bischof der VELKD, Landesbischof Ralf Meister, er\u00f6ffnet die Generalsynode mit einem Pl\u00e4doyer f\u00fcr biblische Sprachformen Zu Beginn<\/p>\n","protected":false},"author":2,"featured_media":611,"comment_status":"closed","ping_status":"closed","sticky":false,"template":"","format":"standard","meta":{"footnotes":""},"categories":[20],"tags":[],"_links":{"self":[{"href":"https:\/\/krankenhauspfarramt.de\/index.php\/wp-json\/wp\/v2\/posts\/6304"}],"collection":[{"href":"https:\/\/krankenhauspfarramt.de\/index.php\/wp-json\/wp\/v2\/posts"}],"about":[{"href":"https:\/\/krankenhauspfarramt.de\/index.php\/wp-json\/wp\/v2\/types\/post"}],"author":[{"embeddable":true,"href":"https:\/\/krankenhauspfarramt.de\/index.php\/wp-json\/wp\/v2\/users\/2"}],"replies":[{"embeddable":true,"href":"https:\/\/krankenhauspfarramt.de\/index.php\/wp-json\/wp\/v2\/comments?post=6304"}],"version-history":[{"count":1,"href":"https:\/\/krankenhauspfarramt.de\/index.php\/wp-json\/wp\/v2\/posts\/6304\/revisions"}],"predecessor-version":[{"id":6305,"href":"https:\/\/krankenhauspfarramt.de\/index.php\/wp-json\/wp\/v2\/posts\/6304\/revisions\/6305"}],"wp:featuredmedia":[{"embeddable":true,"href":"https:\/\/krankenhauspfarramt.de\/index.php\/wp-json\/wp\/v2\/media\/611"}],"wp:attachment":[{"href":"https:\/\/krankenhauspfarramt.de\/index.php\/wp-json\/wp\/v2\/media?parent=6304"}],"wp:term":[{"taxonomy":"category","embeddable":true,"href":"https:\/\/krankenhauspfarramt.de\/index.php\/wp-json\/wp\/v2\/categories?post=6304"},{"taxonomy":"post_tag","embeddable":true,"href":"https:\/\/krankenhauspfarramt.de\/index.php\/wp-json\/wp\/v2\/tags?post=6304"}],"curies":[{"name":"wp","href":"https:\/\/api.w.org\/{rel}","templated":true}]}}