{"id":6313,"date":"2023-11-12T12:06:40","date_gmt":"2023-11-12T12:06:40","guid":{"rendered":"https:\/\/krankenhauspfarramt.de\/index.php\/2023\/11\/12\/zuflucht-haben-in-allen-noeten-ekd\/"},"modified":"2023-11-12T12:06:45","modified_gmt":"2023-11-12T12:06:45","slug":"zuflucht-haben-in-allen-noeten-ekd","status":"publish","type":"post","link":"https:\/\/krankenhauspfarramt.de\/index.php\/2023\/11\/12\/zuflucht-haben-in-allen-noeten-ekd\/","title":{"rendered":"\u201eZuflucht haben in allen N\u00f6ten\u201c \u2013 EKD"},"content":{"rendered":"<p> <br \/>\n<\/p>\n<div id=\"\">\n<div class=\"article--meta article--meta__border clearfix\">\n<p>                                    <time datetime=\"12.11.2023 12:00\" class=\"article--time\">12.11.2023<\/time><\/p>\n<p>                                     <strong class=\"article--type primus--overline\">Pressemitteilung<\/strong><\/p>\n<picture class=\"article--source-image image\"><source srcset=\"https:\/\/www.ekd.de\/ekd_de\/ds_img\/assets\/20170622_ekd-Quellenlogo_141_rdax_423x118.png\"><!--<source srcset=\"\/ekd_de\/ds_img\/assets\/20170622_ekd-Quellenlogo_141_rdax_141x39.png 1x, \/ekd_de\/ds_img\/assets\/20170622_ekd-Quellenlogo_141_rdax_282x78.png 2x, https:\/\/www.ekd.de\/ekd_de\/ds_img\/assets\/20170622_ekd-Quellenlogo_141_rdax_423x118.png 3x\">--><\/p>\n<p>    <\/source><\/picture>\n<\/p><\/div>\n<h2 class=\"article--sub-headline primus--sub-headline\">Im Ratsbericht vor der EKD-Synode nimmt Annette Kurschus Stellung zu Antisemitismus, Migration, Klimawandel und der Kraft des Gottvertrauens<\/h2>\n<\/p><\/div>\n<div id=\"\">\n<p>Zum Auftakt der in Ulm tagenden Synode der Evangelischen Kirche in Deutschland (EKD) hat Pr\u00e4ses Annette Kurschus am heutigen Sonntag (12. November) Stellung bezogen zu den aktuellen Krisen in Deutschland und weltweit und zugleich f\u00fcr die Kraft des Gottvertrauens geworben.<\/p>\n<p>\u201eSelten war die Hoffnung so kleinlaut und schwinds\u00fcchtig, selten waren unsere Gewissheiten so labil und zerbr\u00f6selt wie in diesen Zeiten, da sich Krise an Krise reiht und Unheil auf Unheil t\u00fcrmt\u201c, so Kurschus. Die Welt brauche den \u00dcberschuss an Halt und Hoffnung und Gewissheit, der durch die biblischen Psalmen und Gebete ins Leben komme. Dies gelte insbesondere nach den Gr\u00e4ueltaten der Hamas in Israel. Sie sei entsetzt, \u201ewie schnell nassforsch verharmlosende Kontextualisierungen bei der Hand waren; wie unangefochten die \u00fcblichen Sprechblasen vorgetragen wurden. Als sei die Welt kaum ber\u00fchrt durch dieses Abschlachten von J\u00fcdinnen und Juden.\u201c Die Hamas sei keine Befreiungsbewegung. \u201eSie ist eine antisemitische Terrororganisation, die j\u00fcdisches Leben austilgen will, wo immer es ihr begegnet. Und: Sie ist eine t\u00f6dliche Gei\u00dfel f\u00fcr die leidenden Menschen in Gaza.\u201c Der Angriff der Hamas sei zugleich ein Angriff auf die Pal\u00e4stinenserinnen und Pal\u00e4stinenser gewesen, die sich f\u00fcr Frieden und Verst\u00e4ndigung einsetzen. \u201eEs ist t\u00f6richt, und darum mache ich dabei nicht mit, die Solidarit\u00e4t mit Israel und die Empathie f\u00fcr die pal\u00e4stinensischen Opfer in ein Entweder-Oder zu zwingen.\u201c Es sei \u201ekeine Entsolidarisierung mit Israel, v\u00f6lkerrechtliches Augenma\u00df, humanit\u00e4re Ma\u00dfnahmen zum Schutz der Zivilbev\u00f6lkerung zu fordern. Die politisch Handelnden m\u00fcssen alles daf\u00fcr tun, sichere Zonen und Zeiten zu schaffen und die Menschen mit dem Lebensnotwendigen zu versorgen\u201c, so die Ratsvorsitzende.<\/p>\n<p>In Deutschland m\u00fcsse das kirchliche Augenmerk auf dem be\u00e4ngstigenden Antisemitismus, der Angst und der Trauer j\u00fcdischer Menschen in unseren Nachbarschaften liegen: \u201eSie d\u00fcrfen nicht den Hauch eines Zweifels haben, dass sie auf die Kirchen z\u00e4hlen k\u00f6nnen. Auf allen Ebenen gibt es vertrauensvolle Kontakte, wir stehen J\u00fcdinnen und Juden zur Seite und fragen sie, wie wir ihnen helfen k\u00f6nnen. Darin d\u00fcrfen wir nicht nachlassen, mehr noch, wir m\u00fcssen nachlegen darin.\u201c<\/p>\n<p>Zugleich rief sie dazu auf, antimuslimischen Ressentiments zu widerstehen. Der Versuch, Hass auf Muslime als Israelfreundlichkeit zu tarnen sei in Wirklichkeit purer Rassismus. \u201eUnd unser Glaube dr\u00e4ngt uns, dagegen sehr deutliche Worte zu sagen.\u201c<\/p>\n<p>In Ihrem Bericht bekr\u00e4ftigte die Ratsvorsitzende das kirchliche Engagement f\u00fcr Gefl\u00fcchtete. Kirche und Diakonie h\u00e4tten sich seit 2015 und bereits zuvor intensiv und unerm\u00fcdlich f\u00fcr gefl\u00fcchtete Menschen engagiert, seit 2022 zus\u00e4tzlich f\u00fcr diejenigen, die aus der Ukraine kommen: mit Sprachkursen im Gemeindezentrum und gemeindlichen Kleiderkammern; mit psychosozialer Beratung in Sammelunterk\u00fcnften und einem bundesweiten zivilgesellschaftlichen Aufnahmeprogramm in Kooperation mit dem Bundesamt f\u00fcr Migration und Fl\u00fcchtlinge. \u201eWir wissen nicht nur, wovon wir reden \u2013 wir kennen viele von denen, \u00fcber die neuerdings in einer Weise geredet wird, die mich zutiefst ersch\u00fcttert.\u201c In perfider sprachlicher Verdrehung werde aus den Ertrinkenden die Flut gemacht und aus den Schiffbr\u00fcchigen die Welle, die angeblich uns \u00fcberschwemme. \u201eDa wird von \u201eZahlen\u201c gesprochen, die jetzt dringend \u201erunter m\u00fcssen\u201c. Als ginge es um eine mittelschwere Matheaufgabe. \u201eWer von Migration redet, redet von Menschen und damit letztlich auch von sich selbst, vom eigenen christlichen oder humanistischen Menschenbild und davon, wie ernst es ihm oder ihr damit ist. Ich jedenfalls lasse mir die Barmherzigkeit nicht ausreden und werde andere weiterhin an die Barmherzigkeit erinnern\u201c, sagte Kurschus.<\/p>\n<p>Auch in der Klimadebatte sei das gesellschaftliche Klima so \u00fcberhitzt wie das Klima selbst. Die Apokalypse werde beschworen, um Panik zu machen, wo es dran w\u00e4re, unaufgeregt und konsequent weiterzugehen. Die biblische Apokalyptik hingegen sei \u201eProtest- und Hoffnungsrede im Angesicht einer Welt, in der alles ins Chaos zu st\u00fcrzen scheint. Sie \u00f6ffnet schonungslos den Blick auf die Welt, wie sie ist. Mit all ihren Schrecken und H\u00e4sslichkeiten und Abgr\u00fcnden.\u201c Und sie decke Ursachen und Verantwortlichkeiten auf. \u201eDie \u00f6kologische Krise ist sowohl von ihren Ursachen her als auch in ihren Folgen ein Problem sozialer Gerechtigkeit. Es ist nicht nur gerecht, sondern auch klug, beides zusammenzudenken, regional und global \u2013 mit apokalyptischem Ernst und unaufgeregter Zuversicht\u201c, so Annette Kurschus.<\/p>\n<p>Mit Blick auf die f\u00fcr Dienstag auf der Synode vorzustellende Kirchenmitgliedschaftsuntersuchung hob die Ratsvorsitzende die Bedeutung des Glaubens f\u00fcr die menschliche Vertrauensbildung hervor: \u201eAnscheinend produziert der Glaube so etwas wie einen st\u00e4rkenden Vertrauensvorschuss, bildet eine Art Vertrauensbank f\u00fcrs Leben.\u201c Nur eine Kirche, die mit ihrem kirchlichen Leben Menschen Zeit einr\u00e4ume, Vertrauen in Gott zu fassen, habe begriffen, worin der Kern ihrer Aufgabe liegt. \u201eDazu braucht es zuallererst unser eigenes Vertrauen in die g\u00f6ttliche Kraft, die uns tr\u00e4gt.\u201c<\/p>\n<p>Der m\u00fcndliche Bericht der EKD-Ratsvorsitzenden, Annette Kurschus, ist abrufbar unter https:\/\/www.ekd.de\/ratsbericht-synode-2023-80397.htm.<\/p>\n<p>Ulm, 12. November 2023<\/p>\n<p>Pressestelle der EKD<br \/>Carsten Splitt<\/p>\n<p class=\"EKDFlietext\">\u00a0<\/p>\n<p class=\"EKDFlietext\"><em style=\"font-style:italic\">\u00dcber die Synode der EKD: Die Synode der EKD ist neben Rat und Kirchenkonferenz eines der drei Leitungsorgane der EKD. Sie tagt vom 12. bis 15. November in Ulm. Nach der Grundordnung der EKD besteht die 13. Synode aus 128 Mitgliedern. Zu den Aufgaben der Synode z\u00e4hlen die Erarbeitung von Kundgebungen und Beschl\u00fcssen zu Fragen der Zeit sowie die Begleitung der Arbeit des Rates der EKD durch Richtlinien. Die Synode ber\u00e4t und beschlie\u00dft aber auch den Haushalt und die Kirchengesetze. Geleitet wird die Synode vom Pr\u00e4sidium unter dem Vorsitz von Pr\u00e4ses Anna-Nicole Heinrich. Sie ist zugleich Mitglied des 15-k\u00f6pfigen Rates der EKD. Vorsitzende des Rates der EKD ist Annette Kurschus. Die EKD ist die Gemeinschaft von 20 lutherischen, reformierten und unierten Landeskirchen. 19,2 Millionen evangelische Christinnen und Christen in Deutschland geh\u00f6ren zu einer der 12.700 Kirchengemeinden.<\/em><\/p>\n<\/div>\n","protected":false},"excerpt":{"rendered":"<p>12.11.2023 Pressemitteilung Im Ratsbericht vor der EKD-Synode nimmt Annette Kurschus Stellung zu Antisemitismus, Migration, Klimawandel und der Kraft des Gottvertrauens<\/p>\n","protected":false},"author":2,"featured_media":6314,"comment_status":"closed","ping_status":"closed","sticky":false,"template":"","format":"standard","meta":{"footnotes":""},"categories":[20],"tags":[],"_links":{"self":[{"href":"https:\/\/krankenhauspfarramt.de\/index.php\/wp-json\/wp\/v2\/posts\/6313"}],"collection":[{"href":"https:\/\/krankenhauspfarramt.de\/index.php\/wp-json\/wp\/v2\/posts"}],"about":[{"href":"https:\/\/krankenhauspfarramt.de\/index.php\/wp-json\/wp\/v2\/types\/post"}],"author":[{"embeddable":true,"href":"https:\/\/krankenhauspfarramt.de\/index.php\/wp-json\/wp\/v2\/users\/2"}],"replies":[{"embeddable":true,"href":"https:\/\/krankenhauspfarramt.de\/index.php\/wp-json\/wp\/v2\/comments?post=6313"}],"version-history":[{"count":1,"href":"https:\/\/krankenhauspfarramt.de\/index.php\/wp-json\/wp\/v2\/posts\/6313\/revisions"}],"predecessor-version":[{"id":6315,"href":"https:\/\/krankenhauspfarramt.de\/index.php\/wp-json\/wp\/v2\/posts\/6313\/revisions\/6315"}],"wp:featuredmedia":[{"embeddable":true,"href":"https:\/\/krankenhauspfarramt.de\/index.php\/wp-json\/wp\/v2\/media\/6314"}],"wp:attachment":[{"href":"https:\/\/krankenhauspfarramt.de\/index.php\/wp-json\/wp\/v2\/media?parent=6313"}],"wp:term":[{"taxonomy":"category","embeddable":true,"href":"https:\/\/krankenhauspfarramt.de\/index.php\/wp-json\/wp\/v2\/categories?post=6313"},{"taxonomy":"post_tag","embeddable":true,"href":"https:\/\/krankenhauspfarramt.de\/index.php\/wp-json\/wp\/v2\/tags?post=6313"}],"curies":[{"name":"wp","href":"https:\/\/api.w.org\/{rel}","templated":true}]}}