{"id":6328,"date":"2023-11-13T00:15:38","date_gmt":"2023-11-13T00:15:38","guid":{"rendered":"https:\/\/krankenhauspfarramt.de\/index.php\/2023\/11\/13\/wer-von-migration-redet-redet-von-menschen-ekd\/"},"modified":"2023-11-13T00:15:41","modified_gmt":"2023-11-13T00:15:41","slug":"wer-von-migration-redet-redet-von-menschen-ekd","status":"publish","type":"post","link":"https:\/\/krankenhauspfarramt.de\/index.php\/2023\/11\/13\/wer-von-migration-redet-redet-von-menschen-ekd\/","title":{"rendered":"Wer von Migration redet, redet von Menschen \u2013 EKD"},"content":{"rendered":"<p> <br \/>\n<\/p>\n<div>\n<p style=\"margin-left:0cm; margin-right:0cm\">Die Ratsvorsitzende betonte erneut, sie lasse sich \u201eBarmherzigkeit nicht ausreden\u201c und wehrte sich gegen den Vorwurf, die Kirche vertrete in der Fl\u00fcchtlingspolitik einen naiven Idealismus. Man m\u00fcsse ernst nehmen, wenn auch Hochengagierten in der Kirche bei der Aufnahme der Menschen Kraft und Mittel ausgingen. \u201eUm ein Missverst\u00e4ndnis auszur\u00e4umen: Ich bin keineswegs f\u00fcr eine unbegrenzte Zuwanderung, wohl aber gegen die Festlegung einer Obergrenze\u201c, sagte Kurschus. Eine solche w\u00e4re weder mit der deutschen Verfassung noch mit EU-Recht vereinbar.<\/p>\n<p style=\"margin-left:0cm; margin-right:0cm\">Kurschus betonte erneut ihre Solidarit\u00e4t mit dem von der Terrororganisation Hamas angegriffenen Israel. Das Land habe nach dem grauenhaften Massaker das Recht, sich zu verteidigen und seine Bev\u00f6lkerung zu sch\u00fctzen, sagte die Theologin. Das mindere in keiner Weise ihr Entsetzen \u00fcber das Leid, das die Menschen im Gaza-Streifen erlebten, erg\u00e4nzte die Theologin. Der Angriff der Hamas sei \u201eebenfalls ein Angriff auf die Pal\u00e4stinenserinnen und Pal\u00e4stinenser, christliche und muslimische, die sich f\u00fcr Frieden einsetzen\u201c gewesen.<\/p>\n<p style=\"margin-left:0cm; margin-right:0cm\">Zuvor hatte der w\u00fcrttembergische Landesbischof Ernst-Wilhelm Gohl in seiner Predigt im Er\u00f6ffnungsgottesdienst gesagt: \u201eNein zu Antisemitismus. Da sind wir uns als Kirche einig, und hoffentlich auch in der Gesellschaft.\u201c Es sei ein schrecklicher Gedanke, dass sich J\u00fcdinnen und Juden in Deutschland nicht mehr sicher f\u00fchlen.<\/p>\n<p style=\"margin-left:0cm; margin-right:0cm\">In einem Gru\u00dfwort bei der Er\u00f6ffnung der Synode \u00e4u\u00dferte sich Bundestagspr\u00e4sidentin B\u00e4rbel Bas (SPD) besorgt \u00fcber das schwindende Vertrauen der Menschen in demokratische Prozesse. Sie trauten Staat und Politik immer weniger zu. Bas machte daf\u00fcr Meinungsblasen im Internet und eine durch die AfD verrohte Debattenkultur verantwortlich.<\/p>\n<p style=\"margin-left:0cm; margin-right:0cm\">Die Synode der EKD ber\u00e4t bis Mittwoch in Ulm. Ein zentrales Thema der Jahrestagung ist am Dienstag die Vorstellung der sechsten Kirchenmitgliedschaftsuntersuchung, eine soziologische Studie \u00fcber die Haltung zu Religion und Kirche in der Gesellschaft.<\/p>\n<\/p><\/div>\n","protected":false},"excerpt":{"rendered":"<p>Die Ratsvorsitzende betonte erneut, sie lasse sich \u201eBarmherzigkeit nicht ausreden\u201c und wehrte sich gegen den Vorwurf, die Kirche vertrete in<\/p>\n","protected":false},"author":2,"featured_media":6329,"comment_status":"closed","ping_status":"closed","sticky":false,"template":"","format":"standard","meta":{"footnotes":""},"categories":[20],"tags":[],"_links":{"self":[{"href":"https:\/\/krankenhauspfarramt.de\/index.php\/wp-json\/wp\/v2\/posts\/6328"}],"collection":[{"href":"https:\/\/krankenhauspfarramt.de\/index.php\/wp-json\/wp\/v2\/posts"}],"about":[{"href":"https:\/\/krankenhauspfarramt.de\/index.php\/wp-json\/wp\/v2\/types\/post"}],"author":[{"embeddable":true,"href":"https:\/\/krankenhauspfarramt.de\/index.php\/wp-json\/wp\/v2\/users\/2"}],"replies":[{"embeddable":true,"href":"https:\/\/krankenhauspfarramt.de\/index.php\/wp-json\/wp\/v2\/comments?post=6328"}],"version-history":[{"count":1,"href":"https:\/\/krankenhauspfarramt.de\/index.php\/wp-json\/wp\/v2\/posts\/6328\/revisions"}],"predecessor-version":[{"id":6330,"href":"https:\/\/krankenhauspfarramt.de\/index.php\/wp-json\/wp\/v2\/posts\/6328\/revisions\/6330"}],"wp:featuredmedia":[{"embeddable":true,"href":"https:\/\/krankenhauspfarramt.de\/index.php\/wp-json\/wp\/v2\/media\/6329"}],"wp:attachment":[{"href":"https:\/\/krankenhauspfarramt.de\/index.php\/wp-json\/wp\/v2\/media?parent=6328"}],"wp:term":[{"taxonomy":"category","embeddable":true,"href":"https:\/\/krankenhauspfarramt.de\/index.php\/wp-json\/wp\/v2\/categories?post=6328"},{"taxonomy":"post_tag","embeddable":true,"href":"https:\/\/krankenhauspfarramt.de\/index.php\/wp-json\/wp\/v2\/tags?post=6328"}],"curies":[{"name":"wp","href":"https:\/\/api.w.org\/{rel}","templated":true}]}}