{"id":6346,"date":"2023-11-14T17:05:17","date_gmt":"2023-11-14T17:05:17","guid":{"rendered":"https:\/\/krankenhauspfarramt.de\/index.php\/2023\/11\/14\/beteiligungsforum-sexualisierte-gewalt-berichtet-synode-ueber-fortschritte-und-reformen-ekd\/"},"modified":"2023-11-14T17:05:19","modified_gmt":"2023-11-14T17:05:19","slug":"beteiligungsforum-sexualisierte-gewalt-berichtet-synode-ueber-fortschritte-und-reformen-ekd","status":"publish","type":"post","link":"https:\/\/krankenhauspfarramt.de\/index.php\/2023\/11\/14\/beteiligungsforum-sexualisierte-gewalt-berichtet-synode-ueber-fortschritte-und-reformen-ekd\/","title":{"rendered":"Beteiligungsforum Sexualisierte Gewalt berichtet Synode \u00fcber Fortschritte und Reformen \u2013 EKD"},"content":{"rendered":"<p> <br \/>\n<\/p>\n<div id=\"\">\n<div class=\"article--meta article--meta__border clearfix\">\n<p>                                    <time datetime=\"14.11.2023 16:00\" class=\"article--time\">14.11.2023<\/time><\/p>\n<p>                                     <strong class=\"article--type primus--overline\">Pressemitteilung<\/strong><\/p>\n<picture class=\"article--source-image image\"><source srcset=\"https:\/\/www.ekd.de\/ekd_de\/ds_img\/assets\/20170622_ekd-Quellenlogo_141_rdax_423x118.png\"><!--<source srcset=\"\/ekd_de\/ds_img\/assets\/20170622_ekd-Quellenlogo_141_rdax_141x39.png 1x, \/ekd_de\/ds_img\/assets\/20170622_ekd-Quellenlogo_141_rdax_282x78.png 2x, https:\/\/www.ekd.de\/ekd_de\/ds_img\/assets\/20170622_ekd-Quellenlogo_141_rdax_423x118.png 3x\">--><\/p>\n<p>    <\/source><\/picture>\n<\/p><\/div>\n<h2 class=\"article--sub-headline primus--sub-headline\">Arbeitsfortschritte in den Bereichen der Aufarbeitung, der Vernetzung Betroffener und den Anerkennungsverfahren sind klar erkennbar.<\/h2>\n<\/p><\/div>\n<div id=\"\">\n<p>Bei der EKD-Synode in Ulm berichtete heute das Beteiligungsforum Sexualisierte Gewalt \u00fcber seine Arbeit. Die Mitglieder gaben in ihrem j\u00e4hrlichen Bericht bekannt, dass die geplante Gemeinsame Erkl\u00e4rung zum Aufbau Unabh\u00e4ngiger Regionaler Aufarbeitungskommissionen (URAK) am 13. Dezember 2023 unterschrieben wird. Ebenso wurden Reformvorschl\u00e4ge zur Vereinheitlichung der Anerkennungsverfahren sowie eine neue digitale Vernetzungsplattform f\u00fcr betroffene Personen vorgestellt. In Reaktion auf den Bericht brachten Synodale verschiedene Antr\u00e4ge zur Unterst\u00fctzung der Ma\u00dfnahmen und Projekte des Beteiligungsforums ein.<\/p>\n<p>\u201eVor einem Jahr habe ich Ihnen zugerufen: Jetzt ist die Zeit!\u201c Mit diesen Worten von Detlev Zander, Sprecher der Betroffenenvertretung, begann der Bericht an die Synode wie das Beteiligungsforum die Zeit seit der letzten Tagung genutzt hat. Dabei bemerkte Detlev Zander: \u201e,Jetzt ist die Zeit!\u2018 bedeutet auch, sich Zeit zu nehmen. Aufarbeitung muss z\u00fcgig erfolgen und vorankommen, aber wer Aufarbeitung als das m\u00f6glichst schnelle Abhaken einer fertigen Check-Liste sieht, der hat immer noch nicht begriffen, um was f\u00fcr eine gro\u00dfe Aufgabe es hier geht. Gerade auch Betroffenenbeteiligung braucht Zeit, aber die systematische Beteiligung von betroffenen Personen ist die st\u00e4rkste Waffe gegen sexualisierte Gewalt!\u201c<\/p>\n<p>Kirchenpr\u00e4sidentin Dorothee W\u00fcst, Sprecherin der kirchlichen Beauftragten im Beteiligungsforum, berichtete anschlie\u00dfend \u00fcber einen wichtigen Erfolg der Arbeit des Beteiligungsforums. Nach langen Gespr\u00e4chen liegt nun eine Gemeinsame Erkl\u00e4rung zu unabh\u00e4ngiger Aufarbeitung zwischen EKD, Diakonie Deutschland und der Unabh\u00e4ngigen Beauftragten f\u00fcr Fragen des sexuellen Kindesmissbrauchs (UBSKM) unterschriftsreif vor. Frau W\u00fcst erkl\u00e4rte: \u201eAlle Landeskirchen und diakonischen Landesverb\u00e4nde haben sich zu insgesamt neun Verb\u00fcnden zusammengeschlossen. Wir gehen diesen Schritt ganz bewusst gemeinsam als evangelische Kirche und als Diakonie. In jedem Verbund wird es eine Aufarbeitungskommission geben, die die Aufarbeitung systematisiert, regionalisiert und intensiviert.\u201c Eine AG des Beteiligungsforum hatte die Gespr\u00e4che mit der UBSKM gef\u00fchrt und mit besonderer Sorgfalt ein neues Konzept der Betroffenenbeteiligung f\u00fcr die Unabh\u00e4ngigen Regionalen Aufarbeitungskommissionen entwickelt.<\/p>\n<p>Neben der Gemeinsamen Erkl\u00e4rung standen auch die Anerkennungsverfahren und -leistungen in den Landeskirchen im Fokus. Deren Uneinheitlichkeit hatten Betroffenenvertreter*innen und kirchliche Beauftragte bereits auf der vergangenen Synodentagung kritisiert. Daher stellten Matthias Schwarz von der Betroffenenvertretung und Bisch\u00f6fin Kirsten Fehrs gemeinsame Reformvorschl\u00e4ge vor. Durch eine zentrale Norm auf Ebene der EKD soll ein einheitliches Vorgehen \u00fcber alle Landeskirchen sowie Verb\u00e4nde der Diakonie und der Jugendarbeit hinweg sichergestellt werden. Im Zentrum der Reformvorschl\u00e4ge steht die Betroffenenorientiertheit aller Verfahren und das garantierte Recht auf ein Gespr\u00e4ch mit der Kommission.<\/p>\n<p>Ein Trailer \u00fcber die sich im Aufbau befindliche Vernetzungsplattform \u201eBeNe\u201c als einem Schl\u00fcsselprojekt des Beteiligungsforums und seiner Betroffenenvertretung pr\u00e4sentierten die Betroffenenvertreter*innen Nancy Janz und Christiane Lange. Die unabh\u00e4ngige Vernetzungsplattform BeNe soll von sexualisierter Gewalt betroffenen Personen aus Kirche und Diakonie einen m\u00f6glichst gesch\u00fctzten Rahmen bieten, in dem sie sich informieren, austauschen und einander unterst\u00fctzen k\u00f6nnen. Auch mit Blick auf das Thema der Synodentagung sagte Nancy Janz, Sprecherin der Betroffenenvertretung: \u201eDie Vernetzungsplattform BeNe ist ein digitaler Raum, in dem Betroffene erst einmal ganz f\u00fcr sich, anonym eine Orientierung bekommen k\u00f6nnen. Vielleicht geht es darum, Worte zu finden, um \u00fcberhaupt benennen zu k\u00f6nnen, was ihnen geschehen ist: Missbrauch an Leib und Seele. Und viel wichtiger ist das Erfahren: Ich bin nicht allein.\u201c<\/p>\n<p>Ulm, 14. November 2023<\/p>\n<p>Pressestelle der EKD<br \/>Carsten Splitt<\/p>\n<p>\u00a0<\/p>\n<p><em>\u00dcber die Synode der EKD: Die Synode der EKD ist neben Rat und Kirchenkonferenz eines der drei Leitungsorgane der EKD. Sie tagt vom 12. bis 15. November in Ulm. Nach der Grundordnung der EKD besteht die 13. Synode aus 128 Mitgliedern. Zu den Aufgaben der Synode z\u00e4hlen die Erarbeitung von Kundgebungen und Beschl\u00fcssen zu Fragen der Zeit sowie die Begleitung der Arbeit des Rates der EKD durch Richtlinien. Die Synode ber\u00e4t und beschlie\u00dft aber auch den Haushalt und die Kirchengesetze. Geleitet wird die Synode vom Pr\u00e4sidium unter dem Vorsitz von Pr\u00e4ses Anna-Nicole Heinrich. Sie ist zugleich Mitglied des 15-k\u00f6pfigen Rates der EKD. Vorsitzende des Rates der EKD ist Annette Kurschus. Die EKD ist die Gemeinschaft von 20 lutherischen, reformierten und unierten Landeskirchen. 19,2 Millionen evangelische Christinnen und Christen in Deutschland geh\u00f6ren zu einer der 12.700 Kirchengemeinden.<\/em><br \/>\u00a0<\/p>\n<\/div>\n","protected":false},"excerpt":{"rendered":"<p>14.11.2023 Pressemitteilung Arbeitsfortschritte in den Bereichen der Aufarbeitung, der Vernetzung Betroffener und den Anerkennungsverfahren sind klar erkennbar. Bei der EKD-Synode<\/p>\n","protected":false},"author":2,"featured_media":6323,"comment_status":"closed","ping_status":"closed","sticky":false,"template":"","format":"standard","meta":{"footnotes":""},"categories":[20],"tags":[],"_links":{"self":[{"href":"https:\/\/krankenhauspfarramt.de\/index.php\/wp-json\/wp\/v2\/posts\/6346"}],"collection":[{"href":"https:\/\/krankenhauspfarramt.de\/index.php\/wp-json\/wp\/v2\/posts"}],"about":[{"href":"https:\/\/krankenhauspfarramt.de\/index.php\/wp-json\/wp\/v2\/types\/post"}],"author":[{"embeddable":true,"href":"https:\/\/krankenhauspfarramt.de\/index.php\/wp-json\/wp\/v2\/users\/2"}],"replies":[{"embeddable":true,"href":"https:\/\/krankenhauspfarramt.de\/index.php\/wp-json\/wp\/v2\/comments?post=6346"}],"version-history":[{"count":1,"href":"https:\/\/krankenhauspfarramt.de\/index.php\/wp-json\/wp\/v2\/posts\/6346\/revisions"}],"predecessor-version":[{"id":6347,"href":"https:\/\/krankenhauspfarramt.de\/index.php\/wp-json\/wp\/v2\/posts\/6346\/revisions\/6347"}],"wp:featuredmedia":[{"embeddable":true,"href":"https:\/\/krankenhauspfarramt.de\/index.php\/wp-json\/wp\/v2\/media\/6323"}],"wp:attachment":[{"href":"https:\/\/krankenhauspfarramt.de\/index.php\/wp-json\/wp\/v2\/media?parent=6346"}],"wp:term":[{"taxonomy":"category","embeddable":true,"href":"https:\/\/krankenhauspfarramt.de\/index.php\/wp-json\/wp\/v2\/categories?post=6346"},{"taxonomy":"post_tag","embeddable":true,"href":"https:\/\/krankenhauspfarramt.de\/index.php\/wp-json\/wp\/v2\/tags?post=6346"}],"curies":[{"name":"wp","href":"https:\/\/api.w.org\/{rel}","templated":true}]}}