{"id":6366,"date":"2023-11-20T20:15:29","date_gmt":"2023-11-20T20:15:29","guid":{"rendered":"https:\/\/krankenhauspfarramt.de\/index.php\/2023\/11\/20\/annette-kurschus-als-ekd-ratsvorsitzende-zurueckgetreten-ekd\/"},"modified":"2023-11-20T20:15:31","modified_gmt":"2023-11-20T20:15:31","slug":"annette-kurschus-als-ekd-ratsvorsitzende-zurueckgetreten-ekd","status":"publish","type":"post","link":"https:\/\/krankenhauspfarramt.de\/index.php\/2023\/11\/20\/annette-kurschus-als-ekd-ratsvorsitzende-zurueckgetreten-ekd\/","title":{"rendered":"Annette Kurschus als EKD-Ratsvorsitzende zur\u00fcckgetreten \u2013 EKD"},"content":{"rendered":"<p> <br \/>\n<\/p>\n<div id=\"\">\n<p class=\"EKDFlietext\">Annette Kurschus ist heute mit sofortiger Wirkung vom Amt der Ratsvorsitzenden der Evangelischen Kirche in Deutschland (EKD) zur\u00fcckgetreten und scheidet aus dem Rat der EKD aus.<\/p>\n<p class=\"EKDFlietext\"><span style=\"letter-spacing:.1pt\">Kurschus \u00e4u\u00dferte sich in einer <strong>medien\u00f6ffentlichen pers\u00f6nlichen Erkl\u00e4rung<\/strong> in Bielefeld wie folgt (es gilt das gesprochene Wort):<\/span><\/p>\n<p><span style=\"letter-spacing:.1pt\">\u201eDie Evangelische Kirche von Westfalen und die Evangelische Kirche in Deutschland sind seit Jahren der Mittelpunkt meines Lebens. Nicht nur meine Tage, auch mein ganzes Denken und Handeln sind davon bestimmt. Daran hat sich nichts ge\u00e4ndert.<\/span><\/p>\n<p><span style=\"letter-spacing:.1pt\">Doch in den letzten Tagen haben sich Ereignisse \u00fcberschlagen. Aus einem zun\u00e4chst rein lokalen und regionalen Vorgang wurde ein Fall von bundesweiter Bedeutung. Inzwischen hat sich die Lage derart zugespitzt, dass es f\u00fcr mich nur eine Konsequenz gibt, um Schaden von meiner Kirche abzuwenden: Ich trete von beiden kirchlichen Leitungs\u00e4mtern zur\u00fcck.<\/span><\/p>\n<p><span style=\"letter-spacing:.1pt\">In der Sache bin ich mit mir im Reinen. Ich habe zu jeder Zeit nach bestem Wissen und Gewissen gehandelt. Seit mehr als einer Woche wird in der \u00d6ffentlichkeit ein Konflikt gesch\u00fcrt. Ein Konflikt zwischen Betroffenen von sexualisierter Gewalt und mir als Amtstr\u00e4gerin. Diesen Konflikt m\u00f6chte ich schon deshalb auf keinen Fall austragen, weil das die Erfolge gef\u00e4hrden k\u00f6nnte, die wir in der Aufarbeitung und Bek\u00e4mpfung sexualisierter Gewalt gemeinsam mit Betroffenen in vielen Jahren errungen haben. Und die es weiterhin zu erringen gilt. F\u00fcr die Menschen, die hier an der Arbeit sind, stehe ich. Ihnen will ich nicht mit Schlagzeilen durch einen Verbleib im Amt schaden.<\/span><\/p>\n<p><span style=\"letter-spacing:.1pt\">Der Kirchenkreis Siegen-Wittgenstein und meine westf\u00e4lische Landeskirche setzen sich seit Anfang dieses Jahres mit Verdachtsf\u00e4llen sexualisierter Gewalt auseinander, die zum Teil Jahrzehnte zur\u00fcckliegen. Die Verantwortlichen arbeiten mit all ihnen zur Verf\u00fcgung stehenden Mitteln daran, dass die Wahrheit ans Licht kommt. Dabei werden die Betroffenen durch die Kirche intensiv unterst\u00fctzt.<\/span><\/p>\n<p><span style=\"letter-spacing:.1pt\">Der Verdacht richtet sich gegen einen Mann, mit dessen Familie ich lange befreundet war. Nie stand ich zu ihm in einem Dienstverh\u00e4ltnis, auch nicht zu meiner Zeit als Pfarrerin und Superintendentin im Kirchenkreis Siegen. Ich w\u00fcnschte, ich w\u00e4re vor 25 Jahren bereits so aufmerksam, geschult und sensibel f\u00fcr Verhaltensmunster gewesen, die mich heute alarmieren w\u00fcrden. Ich habe allein die Homosexualit\u00e4t und die eheliche Untreue des Beschuldigten wahrgenommen.<\/span><\/p>\n<p><span style=\"letter-spacing:.1pt\">Mein aufrichtiges Bem\u00fchen darum, Pers\u00f6nlichkeitsrechte zu sch\u00fctzen \u2013 auch beschuldigte Menschen und deren Familien sind und bleiben Personen mit Rechten! -, wird als mangelnde Transparenz kritisiert. Als der Versuch, meine eigene Haut zu retten oder mein kirchliches Amt zu sch\u00fctzen. Das ist umso bitterer, als es mir niemals \u2013 und das betone ich ausdr\u00fccklich! &#8211; niemals darum ging, mich aus der eigenen Verantwortung zu stehlen, wichtige Fakten zur\u00fcckzuhalten, Sachverhalte zu vertuschen oder gar einen Beschuldigten zu decken.<\/span><\/p>\n<p><span style=\"letter-spacing:.1pt\">Inzwischen hat die Frage nach meiner Glaubw\u00fcrdigkeit \u00f6ffentlich eine derartige Eigendynamik entfaltet, dass eine absurde und sch\u00e4dliche Verschiebung eingetreten ist: Statt um die Betroffenen und deren Schutz geht es seit Tagen ausschlie\u00dflich um meine Person. Das muss endlich aufh\u00f6ren. Es zieht die Aufmerksamkeit ab von den Betroffenen und von der Aufkl\u00e4rung des Unrechts, das ihnen angetan wurde. Um diese Aufkl\u00e4rung geht es. Diese Aufkl\u00e4rung geh\u00f6rt in den Fokus.<\/span><\/p>\n<p><span style=\"letter-spacing:.1pt\">In aller evangelischen Freiheit zu aktuellen gesellschaftspolitischen Fragen pointiert Stellung zu nehmen, theologisch auch Unbequemes klar beim Namen zu nennen: All das wird mir durch die aktuelle Entwicklung k\u00fcnftig nicht mehr so m\u00f6glich sein, wie es die \u00c4mter einer Ratsvorsitzenden und einer westf\u00e4lischen Pr\u00e4ses verlangen und wie es mir selbst am Herzen liegt.<\/span><\/p>\n<p><span style=\"background:white\"><span style=\"letter-spacing:.1pt\">Deshalb &#8211; und nur deshalb! &#8211; trete ich heute mit sofortiger Wirkung von den \u00c4mtern der Ratsvorsitzenden der Evangelischen Kirche in Deutschland und der Pr\u00e4ses der Evangelischen Kirche von Westfalen zur\u00fcck.<\/span><\/span><\/p>\n<p><span style=\"letter-spacing:.1pt\">Dieser Schritt f\u00e4llt mir nicht leicht. Ich habe ihn reiflich gepr\u00fcft. Es ist eine schwerwiegende Entscheidung, nicht zuletzt f\u00fcr mich pers\u00f6nlich. Gern h\u00e4tte ich mir noch mehr Zeit daf\u00fcr gelassen. Aber in unserer westf\u00e4lischen Kirche steht Ende dieser Woche die Tagung der Landessynode an. Da muss f\u00fcr die weiteren Planungen Klarheit herrschen.<\/span><\/p>\n<p><span style=\"letter-spacing:.1pt\">Sie wissen: Ich habe die Aufgaben in beiden \u00c4mtern mit Leidenschaft und Herzblut wahrgenommen. Aus dem Evangelium heraus meine Stimme zu erheben f\u00fcr diejenigen, die sonst wenig zu Wort kommen: Daf\u00fcr schl\u00e4gt mein Herz.<\/span><\/p>\n<p><span style=\"letter-spacing:.1pt\">In beiden \u00c4mtern liegt eine gro\u00dfe Verantwortung, beide sind mit einem hohen Ma\u00df an \u00f6ffentlicher Wirksamkeit verkn\u00fcpft.<\/span><\/p>\n<p><span style=\"letter-spacing:.1pt\">Der Dienst, der hier zu tun ist, lebt nicht allein von dem Vertrauen, das einzelne Menschen in mich setzen. Er setzt ein \u00f6ffentliches Vertrauen in meine Person voraus. Dieses Vertrauen hat Schaden genommen. Und zwar ausgerechnet in dem Bereich, den ich beim Amtsantritt ausdr\u00fccklich zu meiner \u201eChefinnensache\u201c gemacht habe.<\/span><\/p>\n<p><span style=\"letter-spacing:.1pt\">Menschen, denen im Raum unserer evangelischen Kirche durch sexualisierte Gewalt schlimmes Unrecht angetan wurde, uneingeschr\u00e4nkte Aufkl\u00e4rung und Aufarbeitung dieses Unrechts zuzusichern: Das war meine erkl\u00e4rte Absicht. Mit den starken M\u00f6glichkeiten meiner F\u00fchrungsposition alles zu tun, was strukturell solches Unrecht verhindern kann: Das war mein Ansinnen. Um diese Absicht, um dieses Ansinnen geht es unserer Kirche. Unbedingt. Daf\u00fcr werde ich auch weiter einstehen.<\/span><\/p>\n<p><span style=\"letter-spacing:.1pt\">Ich wei\u00df, dass viele Menschen entt\u00e4uscht sind \u00fcber meine Entscheidung.<\/span><\/p>\n<p><span style=\"letter-spacing:.1pt\">Vor allem in meiner westf\u00e4lischen Landeskirche: Gemeindeglieder, Kolleginnen und Kollegen, Mitarbeitende, Mitglieder der westf\u00e4lischen Kirchenleitung.<\/span><\/p>\n<p><span style=\"letter-spacing:.1pt\">Mich haben pers\u00f6nliche Vertrauensbekundungen erreicht, die mich tief ber\u00fchren. Danke daf\u00fcr! Viele haben mich gebeten, im Pr\u00e4sesamt meiner Landeskirche zu bleiben. Es geht nicht.<\/span><\/p>\n<p><span style=\"letter-spacing:.1pt\">Die Entt\u00e4uschten wissen: Ich kann meinen Dienst nicht wirksam tun, wenn meine Aufrichtigkeit \u00f6ffentlich angezweifelt und infrage gestellt wird.<\/span><\/p>\n<p><span style=\"background:white\"><span style=\"letter-spacing:.1pt\">Mit Gott und mir selbst bin ich im Reinen, und so gehe ich sehr traurig, aber getrost und aufrecht.\u201c<\/span><\/span><\/p>\n<p class=\"EKDFlietext\">Die stellvertretende Ratsvorsitzende Bisch\u00f6fin Kirsten Fehrs \u00fcbernimmt ab sofort kommissarisch das Amt des EKD-Ratsvorsitzes.<\/p>\n<p class=\"EKDFlietext\">Hannover, 20. November 2023<\/p>\n<p class=\"EKDFlietext\">Pressestelle der EKD<br \/>Carsten Splitt<\/p>\n<p class=\"EKDFlietext\">\u00a0<\/p>\n<\/div>\n","protected":false},"excerpt":{"rendered":"<p>Annette Kurschus ist heute mit sofortiger Wirkung vom Amt der Ratsvorsitzenden der Evangelischen Kirche in Deutschland (EKD) zur\u00fcckgetreten und scheidet<\/p>\n","protected":false},"author":2,"featured_media":6367,"comment_status":"closed","ping_status":"closed","sticky":false,"template":"","format":"standard","meta":{"footnotes":""},"categories":[20],"tags":[],"_links":{"self":[{"href":"https:\/\/krankenhauspfarramt.de\/index.php\/wp-json\/wp\/v2\/posts\/6366"}],"collection":[{"href":"https:\/\/krankenhauspfarramt.de\/index.php\/wp-json\/wp\/v2\/posts"}],"about":[{"href":"https:\/\/krankenhauspfarramt.de\/index.php\/wp-json\/wp\/v2\/types\/post"}],"author":[{"embeddable":true,"href":"https:\/\/krankenhauspfarramt.de\/index.php\/wp-json\/wp\/v2\/users\/2"}],"replies":[{"embeddable":true,"href":"https:\/\/krankenhauspfarramt.de\/index.php\/wp-json\/wp\/v2\/comments?post=6366"}],"version-history":[{"count":1,"href":"https:\/\/krankenhauspfarramt.de\/index.php\/wp-json\/wp\/v2\/posts\/6366\/revisions"}],"predecessor-version":[{"id":6368,"href":"https:\/\/krankenhauspfarramt.de\/index.php\/wp-json\/wp\/v2\/posts\/6366\/revisions\/6368"}],"wp:featuredmedia":[{"embeddable":true,"href":"https:\/\/krankenhauspfarramt.de\/index.php\/wp-json\/wp\/v2\/media\/6367"}],"wp:attachment":[{"href":"https:\/\/krankenhauspfarramt.de\/index.php\/wp-json\/wp\/v2\/media?parent=6366"}],"wp:term":[{"taxonomy":"category","embeddable":true,"href":"https:\/\/krankenhauspfarramt.de\/index.php\/wp-json\/wp\/v2\/categories?post=6366"},{"taxonomy":"post_tag","embeddable":true,"href":"https:\/\/krankenhauspfarramt.de\/index.php\/wp-json\/wp\/v2\/tags?post=6366"}],"curies":[{"name":"wp","href":"https:\/\/api.w.org\/{rel}","templated":true}]}}