{"id":6369,"date":"2023-11-21T16:53:24","date_gmt":"2023-11-21T16:53:24","guid":{"rendered":"https:\/\/krankenhauspfarramt.de\/index.php\/2023\/11\/21\/gottesdienst-zum-politischen-buss-und-bettag-im-livestream-aus-dem-berliner-dom-ekd\/"},"modified":"2023-11-21T16:53:26","modified_gmt":"2023-11-21T16:53:26","slug":"gottesdienst-zum-politischen-buss-und-bettag-im-livestream-aus-dem-berliner-dom-ekd","status":"publish","type":"post","link":"https:\/\/krankenhauspfarramt.de\/index.php\/2023\/11\/21\/gottesdienst-zum-politischen-buss-und-bettag-im-livestream-aus-dem-berliner-dom-ekd\/","title":{"rendered":"Gottesdienst zum politischen Bu\u00df- und Bettag im Livestream aus dem Berliner Dom \u2013 EKD"},"content":{"rendered":"<p> <br \/>\n<\/p>\n<div id=\"\">\n<div class=\"article--meta article--meta__border clearfix\">\n<p>                                    <time datetime=\"21.11.2023 15:50\" class=\"article--time\">21.11.2023<\/time><\/p>\n<p>                                     <strong class=\"article--type primus--overline\">Pressemitteilung<\/strong><\/p>\n<picture class=\"article--source-image image\"><source srcset=\"https:\/\/www.ekd.de\/ekd_de\/ds_img\/assets\/20170622_ekd-Quellenlogo_141_rdax_423x118.png\"><!--<source srcset=\"\/ekd_de\/ds_img\/assets\/20170622_ekd-Quellenlogo_141_rdax_141x39.png 1x, \/ekd_de\/ds_img\/assets\/20170622_ekd-Quellenlogo_141_rdax_282x78.png 2x, https:\/\/www.ekd.de\/ekd_de\/ds_img\/assets\/20170622_ekd-Quellenlogo_141_rdax_423x118.png 3x\">--><\/p>\n<p>    <\/source><\/picture>\n<\/p><\/div>\n<h2 class=\"article--sub-headline primus--sub-headline\">Pr\u00e4latin Gidion: \u201eGnade ist die M\u00f6glichkeit, dass es gut weitergehen kann, trotz allem, was wir getan und nicht getan haben.\u201c<\/h2>\n<\/p><\/div>\n<div id=\"\">\n<p>\u201eDer Bu\u00df- und Bettag ist ein Tag zum Innehalten, zum Leben \u00e4ndern. Den Blick nach innen zu richten, auf unsere Schw\u00e4chen zu schauen und unsere Fehler aus der dunklen Ecke zu holen. Ist der Bu\u00df- und Bettag damit ein Aufz\u00e4hlungstag f\u00fcr Verfehlungen? Und wo sollen wir anfangen? Und reicht es schon, alles aufzuz\u00e4hlen?\u201c, sagt Pr\u00e4latin Anne Gidion, Bevollm\u00e4chtigte des Rates der EKD bei der Bundesrepublik Deutschland und der EU, im Blick auf die Bedeutung des Bu\u00df- und Bettages und den Stellenwert von Bu\u00dfe in unserer Gesellschaft und f\u00fcgt hinzu: \u201eIch glaube: Ich kann nicht vor mich hin b\u00fc\u00dfen, ohne dass es jemand sieht, ohne dass Gott es sieht. Bu\u00dfe ist eine Haltung. Und etwas zu b\u00fc\u00dfen, f\u00fcr etwas zu b\u00fc\u00dfen, setzt ein Gegen\u00fcber voraus.\u201c\u00a0<\/p>\n<p>Bu\u00dfe sei keine eigene Leistung, so Gidion weiter: \u201eWir halten Gott unsere H\u00e4nde hin. In diesen H\u00e4nden liegt schon so vieles: Angst. Versagen. Scheitern. Fehleinsch\u00e4tzungen. Bequemlichkeit. Sich gro\u00df machen wollen. Sich \u00fcbersch\u00e4tzen. Das alles Gott hinzuhalten, dazu geh\u00f6rt Mut. Und Zutrauen.\u201c Sie bekr\u00e4ftigt: \u201eIch hoffe: Am Bu\u00df- und Bettag kommt noch mehr hinein in die vollen H\u00e4nde. Gnade, Liebe und Gemeinschaft kommen dazu. Vor allem Gnade. Gnade ist die M\u00f6glichkeit, dass es gut weitergehen kann, trotz allem, was wir getan und nicht getan haben. Trotz allem, was in der Welt gerade ist und nicht ist. Gnade in drei Worten: Gott ist da. Gott bleibt auch am Bu\u00dftag mit uns in Verbindung. Unverbr\u00fcchlich.\u201c\u00a0<\/p>\n<p>Pr\u00e4latin Gidion wird den Gottesdienst zum politischen Bu\u00df- und Bettag am Mittwoch, 22. November, um 18 Uhr im Berliner Dom mitgestalten. \u00dcber diesem steht der biblische Vers \u201eGerechtigkeit erh\u00f6ht ein Volk, aber die S\u00fcnde ist der Leute Verderben\u201c (Spr\u00fcche 14, 34). Die Predigt h\u00e4lt Professor Lars Castellucci, Mitglied des Bundestages. Die Liturgie gestalten Domprediger Stefan Scholpp und Pr\u00e4latin Gidion.<\/p>\n<p>Der protestantische Bu\u00df- und Bettag, erstmals 1532 im mittelalterlichen Stra\u00dfburg offiziell eingef\u00fchrt, wurde 1995 zur Finanzierung der Pflegeversicherung in allen Bundesl\u00e4ndern au\u00dfer Sachsen als arbeitsfreier gesetzlicher Feiertag ersatzlos gestrichen. Der Bu\u00dftag hat seinen festen Platz im kirchlichen Festkalender jedoch nicht verloren und ist im Leben vieler Menschen nach wie vor fest verwurzelt.<\/p>\n<p>Der Gottesdienst ist live zu sehen auf www.berlinerdom.de\/live<br \/>Weitere Informationen unter www.ekd.de\/busstag und www.busstag.de<\/p>\n<p>Hannover\/Berlin, 21. November 2023<\/p>\n<p>Pressestelle der EKD<br \/>\u00a0<\/p>\n<\/div>\n","protected":false},"excerpt":{"rendered":"<p>21.11.2023 Pressemitteilung Pr\u00e4latin Gidion: \u201eGnade ist die M\u00f6glichkeit, dass es gut weitergehen kann, trotz allem, was wir getan und nicht<\/p>\n","protected":false},"author":2,"featured_media":569,"comment_status":"closed","ping_status":"closed","sticky":false,"template":"","format":"standard","meta":{"footnotes":""},"categories":[20],"tags":[],"_links":{"self":[{"href":"https:\/\/krankenhauspfarramt.de\/index.php\/wp-json\/wp\/v2\/posts\/6369"}],"collection":[{"href":"https:\/\/krankenhauspfarramt.de\/index.php\/wp-json\/wp\/v2\/posts"}],"about":[{"href":"https:\/\/krankenhauspfarramt.de\/index.php\/wp-json\/wp\/v2\/types\/post"}],"author":[{"embeddable":true,"href":"https:\/\/krankenhauspfarramt.de\/index.php\/wp-json\/wp\/v2\/users\/2"}],"replies":[{"embeddable":true,"href":"https:\/\/krankenhauspfarramt.de\/index.php\/wp-json\/wp\/v2\/comments?post=6369"}],"version-history":[{"count":1,"href":"https:\/\/krankenhauspfarramt.de\/index.php\/wp-json\/wp\/v2\/posts\/6369\/revisions"}],"predecessor-version":[{"id":6370,"href":"https:\/\/krankenhauspfarramt.de\/index.php\/wp-json\/wp\/v2\/posts\/6369\/revisions\/6370"}],"wp:featuredmedia":[{"embeddable":true,"href":"https:\/\/krankenhauspfarramt.de\/index.php\/wp-json\/wp\/v2\/media\/569"}],"wp:attachment":[{"href":"https:\/\/krankenhauspfarramt.de\/index.php\/wp-json\/wp\/v2\/media?parent=6369"}],"wp:term":[{"taxonomy":"category","embeddable":true,"href":"https:\/\/krankenhauspfarramt.de\/index.php\/wp-json\/wp\/v2\/categories?post=6369"},{"taxonomy":"post_tag","embeddable":true,"href":"https:\/\/krankenhauspfarramt.de\/index.php\/wp-json\/wp\/v2\/tags?post=6369"}],"curies":[{"name":"wp","href":"https:\/\/api.w.org\/{rel}","templated":true}]}}