{"id":6371,"date":"2023-11-21T20:17:13","date_gmt":"2023-11-21T20:17:13","guid":{"rendered":"https:\/\/krankenhauspfarramt.de\/index.php\/2023\/11\/21\/buss-und-bettag-im-livestream-aus-dem-berliner-dom-ekd\/"},"modified":"2023-11-21T20:17:15","modified_gmt":"2023-11-21T20:17:15","slug":"buss-und-bettag-im-livestream-aus-dem-berliner-dom-ekd","status":"publish","type":"post","link":"https:\/\/krankenhauspfarramt.de\/index.php\/2023\/11\/21\/buss-und-bettag-im-livestream-aus-dem-berliner-dom-ekd\/","title":{"rendered":"Bu\u00df- und Bettag im Livestream aus dem Berliner Dom \u2013 EKD"},"content":{"rendered":"<p> <br \/>\n<\/p>\n<div>\n<p>\u201eDer Bu\u00df- und Bettag ist ein Tag zum Innehalten, zum Leben \u00e4ndern. Den Blick nach innen zu richten, auf unsere Schw\u00e4chen zu schauen und unsere Fehler aus der dunklen Ecke zu holen\u201c, f\u00fcgte Gidion hinzu. Sie wird den Gottesdienst zum politischen Bu\u00df- und Bettag am Mittwoch um 18 Uhr im Berliner Dom mitgestalten. Er wird auch live gestreamt. Die Predigt soll der SPD-Bundestagsabgeordnete und Kirchen-Beauftragte seiner Fraktion, Lars Castellucci, halten.<\/p>\n<p>Der protestantische Bu\u00df- und Bettag, erstmals 1532 im mittelalterlichen Stra\u00dfburg offiziell eingef\u00fchrt, wurde 1995 zur Finanzierung der Pflegeversicherung in allen Bundesl\u00e4ndern au\u00dfer Sachsen als arbeitsfreier gesetzlicher Feiertag ersatzlos gestrichen. Der Bu\u00dftag habe seinen festen Platz im kirchlichen Festkalender jedoch nicht verloren und sei im Leben vieler Menschen nach wie vor fest verwurzelt.<\/p>\n<p>EKD-Pressemitteilung:\u00a0<strong>Gottesdienst zum politischen Bu\u00df- und Bettag im Livestream aus dem Berliner Dom<\/strong><\/p>\n<p>\u00a0<\/p>\n<hr\/>\n<p><strong>Info<\/strong><\/p>\n<p>Der <strong>Gottesdienst<\/strong> ist <strong>live<\/strong> zu sehen auf <strong>www.berlinerdom.de\/live<\/strong><br \/>Weitere Informationen unter\u00a0und www.busstag.de<\/p>\n<\/p><\/div>\n","protected":false},"excerpt":{"rendered":"<p>\u201eDer Bu\u00df- und Bettag ist ein Tag zum Innehalten, zum Leben \u00e4ndern. Den Blick nach innen zu richten, auf unsere<\/p>\n","protected":false},"author":2,"featured_media":6372,"comment_status":"closed","ping_status":"closed","sticky":false,"template":"","format":"standard","meta":{"footnotes":""},"categories":[20],"tags":[],"_links":{"self":[{"href":"https:\/\/krankenhauspfarramt.de\/index.php\/wp-json\/wp\/v2\/posts\/6371"}],"collection":[{"href":"https:\/\/krankenhauspfarramt.de\/index.php\/wp-json\/wp\/v2\/posts"}],"about":[{"href":"https:\/\/krankenhauspfarramt.de\/index.php\/wp-json\/wp\/v2\/types\/post"}],"author":[{"embeddable":true,"href":"https:\/\/krankenhauspfarramt.de\/index.php\/wp-json\/wp\/v2\/users\/2"}],"replies":[{"embeddable":true,"href":"https:\/\/krankenhauspfarramt.de\/index.php\/wp-json\/wp\/v2\/comments?post=6371"}],"version-history":[{"count":1,"href":"https:\/\/krankenhauspfarramt.de\/index.php\/wp-json\/wp\/v2\/posts\/6371\/revisions"}],"predecessor-version":[{"id":6373,"href":"https:\/\/krankenhauspfarramt.de\/index.php\/wp-json\/wp\/v2\/posts\/6371\/revisions\/6373"}],"wp:featuredmedia":[{"embeddable":true,"href":"https:\/\/krankenhauspfarramt.de\/index.php\/wp-json\/wp\/v2\/media\/6372"}],"wp:attachment":[{"href":"https:\/\/krankenhauspfarramt.de\/index.php\/wp-json\/wp\/v2\/media?parent=6371"}],"wp:term":[{"taxonomy":"category","embeddable":true,"href":"https:\/\/krankenhauspfarramt.de\/index.php\/wp-json\/wp\/v2\/categories?post=6371"},{"taxonomy":"post_tag","embeddable":true,"href":"https:\/\/krankenhauspfarramt.de\/index.php\/wp-json\/wp\/v2\/tags?post=6371"}],"curies":[{"name":"wp","href":"https:\/\/api.w.org\/{rel}","templated":true}]}}