{"id":6385,"date":"2023-11-24T17:58:54","date_gmt":"2023-11-24T17:58:54","guid":{"rendered":"https:\/\/krankenhauspfarramt.de\/index.php\/2023\/11\/24\/kramer-verurteilt-missbrauch-in-der-kirche-ekd\/"},"modified":"2023-11-24T17:58:57","modified_gmt":"2023-11-24T17:58:57","slug":"kramer-verurteilt-missbrauch-in-der-kirche-ekd","status":"publish","type":"post","link":"https:\/\/krankenhauspfarramt.de\/index.php\/2023\/11\/24\/kramer-verurteilt-missbrauch-in-der-kirche-ekd\/","title":{"rendered":"Kramer verurteilt Missbrauch in der Kirche \u2013 EKD"},"content":{"rendered":"<p> <br \/>\n<\/p>\n<div>\n<p>In der EKM werde derzeit die Pr\u00e4ventionsarbeit vorangetrieben. Seit zehn Jahren gebe es Pr\u00e4ventions-Kurse f\u00fcr alle hauptamtlichen Mitarbeitenden. Die Teilnahme sei verpflichtend und auch Bestandteil des Vikariats. Zudem sei ein Rahmenschutzkonzept f\u00fcr die Landeskirche entwickelt worden, auf dessen Grundlage ab Januar 2024 ein Schutzkonzept in den Kirchenkreisen sowie den Werken und Einrichtungen in Kraft gesetzt werde, um die Pr\u00e4ventionsarbeit zu professionalisieren. Hierf\u00fcr sei die Einstellung von zwei Mitarbeiterinnen bereits beschlossen.<\/p>\n<p>Zum Auftakt der Landessynode verurteilte Kramer zudem jede Form von Judenhass in scharfer Form. Hier d\u00fcrfe und k\u00f6nne es keine Relativierung geben, sagte Kramer. Er sei pers\u00f6nlich erschrocken und entsetzt \u00fcber Beifallsbekundungen f\u00fcr den Terror der Hamas, die dazu f\u00fchrten, dass sich J\u00fcdinnen und Juden in Deutschland nicht mehr sicher f\u00fchlten.<\/p>\n<p>Gleichzeitig sei die Situation der Zivilbev\u00f6lkerung in Gaza zu beklagen. \u201eWir bleiben in doppelter Solidarit\u00e4t mit den Menschen in Israel und in Pal\u00e4stina verbunden. Beides ist nicht gegeneinander zu setzen und braucht einen differenzierten Blick\u201c, sagte der Bischof. Die L\u00f6sung des Konflikts k\u00f6nne nur in einem Bekenntnis zum Gewaltverzicht liegen. Es brauche Sanftmut statt Kampfmut, damit an einer nachhaltigen friedlichen L\u00f6sung gearbeitet werden k\u00f6nne.<\/p>\n<p>Die Nahost-Arbeit der mitteldeutschen Kirche soll laut Bericht des Landeskirchenrats durch die Verl\u00e4ngerung einer Projektstelle fortgef\u00fchrt und als landeskirchliches Arbeitsfeld der EKM weiter etabliert werden. Zahlreiche Gemeinschaftsprojekte mit anderen deutschen und internationalen Partnern seien in der Region umgesetzt worden. Zuk\u00fcnftig sollten die Themen Entwicklungszusammenarbeit, Frieden und Umwelt noch st\u00e4rker in den Fokus r\u00fccken. Auch die Beziehungen mit Menschen aus der Region, die als Migrantinnen und Migranten auf dem Gebiet der EKM lebten, sollten verst\u00e4rkt werden. In Th\u00fcringen und Sachsen-Anhalt leben derzeit allein 17 Menschen im Kirchenasyl.<\/p>\n<p>Die Landessynode besteht aus 80 gew\u00e4hlten und berufenen sowie Mitgliedern, die ihr von Amts wegen angeh\u00f6ren. Sie tritt in der Regel zweimal im Jahr zusammen.<\/p>\n<\/p><\/div>\n","protected":false},"excerpt":{"rendered":"<p>In der EKM werde derzeit die Pr\u00e4ventionsarbeit vorangetrieben. Seit zehn Jahren gebe es Pr\u00e4ventions-Kurse f\u00fcr alle hauptamtlichen Mitarbeitenden. Die Teilnahme<\/p>\n","protected":false},"author":2,"featured_media":6386,"comment_status":"closed","ping_status":"closed","sticky":false,"template":"","format":"standard","meta":{"footnotes":""},"categories":[20],"tags":[],"_links":{"self":[{"href":"https:\/\/krankenhauspfarramt.de\/index.php\/wp-json\/wp\/v2\/posts\/6385"}],"collection":[{"href":"https:\/\/krankenhauspfarramt.de\/index.php\/wp-json\/wp\/v2\/posts"}],"about":[{"href":"https:\/\/krankenhauspfarramt.de\/index.php\/wp-json\/wp\/v2\/types\/post"}],"author":[{"embeddable":true,"href":"https:\/\/krankenhauspfarramt.de\/index.php\/wp-json\/wp\/v2\/users\/2"}],"replies":[{"embeddable":true,"href":"https:\/\/krankenhauspfarramt.de\/index.php\/wp-json\/wp\/v2\/comments?post=6385"}],"version-history":[{"count":1,"href":"https:\/\/krankenhauspfarramt.de\/index.php\/wp-json\/wp\/v2\/posts\/6385\/revisions"}],"predecessor-version":[{"id":6387,"href":"https:\/\/krankenhauspfarramt.de\/index.php\/wp-json\/wp\/v2\/posts\/6385\/revisions\/6387"}],"wp:featuredmedia":[{"embeddable":true,"href":"https:\/\/krankenhauspfarramt.de\/index.php\/wp-json\/wp\/v2\/media\/6386"}],"wp:attachment":[{"href":"https:\/\/krankenhauspfarramt.de\/index.php\/wp-json\/wp\/v2\/media?parent=6385"}],"wp:term":[{"taxonomy":"category","embeddable":true,"href":"https:\/\/krankenhauspfarramt.de\/index.php\/wp-json\/wp\/v2\/categories?post=6385"},{"taxonomy":"post_tag","embeddable":true,"href":"https:\/\/krankenhauspfarramt.de\/index.php\/wp-json\/wp\/v2\/tags?post=6385"}],"curies":[{"name":"wp","href":"https:\/\/api.w.org\/{rel}","templated":true}]}}