{"id":6390,"date":"2023-11-24T22:00:03","date_gmt":"2023-11-24T22:00:03","guid":{"rendered":"https:\/\/krankenhauspfarramt.de\/index.php\/2023\/11\/24\/ekd-trauert-um-ehemaligen-synodenpraeses-cornelius-adalbert-von-heyl-ekd\/"},"modified":"2023-11-24T22:00:09","modified_gmt":"2023-11-24T22:00:09","slug":"ekd-trauert-um-ehemaligen-synodenpraeses-cornelius-adalbert-von-heyl-ekd","status":"publish","type":"post","link":"https:\/\/krankenhauspfarramt.de\/index.php\/2023\/11\/24\/ekd-trauert-um-ehemaligen-synodenpraeses-cornelius-adalbert-von-heyl-ekd\/","title":{"rendered":"EKD trauert um ehemaligen Synodenpr\u00e4ses Cornelius Adalbert von Heyl \u2013 EKD"},"content":{"rendered":"<p> <br \/>\n<\/p>\n<div>\n<p>Die EKD-Synodenpr\u00e4ses Anna-Nicole-Heinrich und die amtierende Ratsvorsitzende Kirsten Fehrs w\u00fcrdigten Heyl als gleicherma\u00dfen \u00fcberzeugten wie \u00fcberzeugenden Parlamentarier, der mit seinem Wirken entscheidend zur Einheit der evangelischen Kirche beigetragen habe. Besonders dankbar sei ihm die evangelische Kirche f\u00fcr sein Engagement bei der Struktur- und Verfassungsreform der EKD in den 70er Jahren. Mit seiner \u00dcberzeugung, dass sich die EKD als Bund aller deutschen evangelischen Kirchen verstehen m\u00fcsse, habe er eine Grundlage f\u00fcr die Wiederherstellung der Einheit der EKD nach der deutschen Vereinigung im Jahr 1990 gelegt.<\/p>\n<\/p><\/div>\n","protected":false},"excerpt":{"rendered":"<p>Die EKD-Synodenpr\u00e4ses Anna-Nicole-Heinrich und die amtierende Ratsvorsitzende Kirsten Fehrs w\u00fcrdigten Heyl als gleicherma\u00dfen \u00fcberzeugten wie \u00fcberzeugenden Parlamentarier, der mit seinem<\/p>\n","protected":false},"author":2,"featured_media":6391,"comment_status":"closed","ping_status":"closed","sticky":false,"template":"","format":"standard","meta":{"footnotes":""},"categories":[20],"tags":[],"_links":{"self":[{"href":"https:\/\/krankenhauspfarramt.de\/index.php\/wp-json\/wp\/v2\/posts\/6390"}],"collection":[{"href":"https:\/\/krankenhauspfarramt.de\/index.php\/wp-json\/wp\/v2\/posts"}],"about":[{"href":"https:\/\/krankenhauspfarramt.de\/index.php\/wp-json\/wp\/v2\/types\/post"}],"author":[{"embeddable":true,"href":"https:\/\/krankenhauspfarramt.de\/index.php\/wp-json\/wp\/v2\/users\/2"}],"replies":[{"embeddable":true,"href":"https:\/\/krankenhauspfarramt.de\/index.php\/wp-json\/wp\/v2\/comments?post=6390"}],"version-history":[{"count":1,"href":"https:\/\/krankenhauspfarramt.de\/index.php\/wp-json\/wp\/v2\/posts\/6390\/revisions"}],"predecessor-version":[{"id":6392,"href":"https:\/\/krankenhauspfarramt.de\/index.php\/wp-json\/wp\/v2\/posts\/6390\/revisions\/6392"}],"wp:featuredmedia":[{"embeddable":true,"href":"https:\/\/krankenhauspfarramt.de\/index.php\/wp-json\/wp\/v2\/media\/6391"}],"wp:attachment":[{"href":"https:\/\/krankenhauspfarramt.de\/index.php\/wp-json\/wp\/v2\/media?parent=6390"}],"wp:term":[{"taxonomy":"category","embeddable":true,"href":"https:\/\/krankenhauspfarramt.de\/index.php\/wp-json\/wp\/v2\/categories?post=6390"},{"taxonomy":"post_tag","embeddable":true,"href":"https:\/\/krankenhauspfarramt.de\/index.php\/wp-json\/wp\/v2\/tags?post=6390"}],"curies":[{"name":"wp","href":"https:\/\/api.w.org\/{rel}","templated":true}]}}