{"id":6412,"date":"2023-11-30T17:07:52","date_gmt":"2023-11-30T17:07:52","guid":{"rendered":"https:\/\/krankenhauspfarramt.de\/index.php\/2023\/11\/30\/bethlehem-das-chormusical-ekd\/"},"modified":"2023-11-30T17:07:55","modified_gmt":"2023-11-30T17:07:55","slug":"bethlehem-das-chormusical-ekd","status":"publish","type":"post","link":"https:\/\/krankenhauspfarramt.de\/index.php\/2023\/11\/30\/bethlehem-das-chormusical-ekd\/","title":{"rendered":"Bethlehem \u2013 Das Chormusical \u2013 EKD"},"content":{"rendered":"<p> <br \/>\n<\/p>\n<div id=\"\">\n<p>Das neue Chormusical \u00a0\u201eBethlehem\u201c von Musikproduzent Dieter Falk und Autor Michael Kunze bringt eine Version der Weihnachtsgeschichte auf die B\u00fchne, die im heutigen Bethlehem spielt. An diesem heiligen Ort kommt es zu Konflikten und Hass: In der Stadt sind Fremde nicht willkommen. Ein K\u00f6nig verteidigt seine Macht mit L\u00fcge und Mord. Und in all dem k\u00fcmmert sich Josef um die schwangere Maria.<\/p>\n<p>\u00dcber religi\u00f6se Grenzen hinweg m\u00f6chte Bethlehem die Kraft der Weihnachtsgeschichte vermitteln. Diese Botschaft wird auch musikalisch transportiert \u2013 mit 3.000 S\u00e4ngerinnen und S\u00e4ngern und einer Live-Band.\u00a0\u201eBei Bethlehem erwartet die Besucher eine Mischung aus Gospel auf der einen Seite und klassischen Elementen wie Weihnachtsliedern auf der anderen Seite \u2013 und das Ganze neu arrangiert\u201c, sagt Komponist Falk \u00fcber die Musik.<\/p>\n<p>Das Chormusical f\u00fcr die ganze Familie wird am 16. Dezember um 14 und 19 Uhr im PSD Bank Dome in D\u00fcsseldorf aufgef\u00fchrt. Veranstalter ist die Stiftung Creative Kirche aus Witten.<\/p>\n<\/div>\n","protected":false},"excerpt":{"rendered":"<p>Das neue Chormusical \u00a0\u201eBethlehem\u201c von Musikproduzent Dieter Falk und Autor Michael Kunze bringt eine Version der Weihnachtsgeschichte auf die B\u00fchne,<\/p>\n","protected":false},"author":2,"featured_media":6413,"comment_status":"closed","ping_status":"closed","sticky":false,"template":"","format":"standard","meta":{"footnotes":""},"categories":[20],"tags":[],"_links":{"self":[{"href":"https:\/\/krankenhauspfarramt.de\/index.php\/wp-json\/wp\/v2\/posts\/6412"}],"collection":[{"href":"https:\/\/krankenhauspfarramt.de\/index.php\/wp-json\/wp\/v2\/posts"}],"about":[{"href":"https:\/\/krankenhauspfarramt.de\/index.php\/wp-json\/wp\/v2\/types\/post"}],"author":[{"embeddable":true,"href":"https:\/\/krankenhauspfarramt.de\/index.php\/wp-json\/wp\/v2\/users\/2"}],"replies":[{"embeddable":true,"href":"https:\/\/krankenhauspfarramt.de\/index.php\/wp-json\/wp\/v2\/comments?post=6412"}],"version-history":[{"count":1,"href":"https:\/\/krankenhauspfarramt.de\/index.php\/wp-json\/wp\/v2\/posts\/6412\/revisions"}],"predecessor-version":[{"id":6414,"href":"https:\/\/krankenhauspfarramt.de\/index.php\/wp-json\/wp\/v2\/posts\/6412\/revisions\/6414"}],"wp:featuredmedia":[{"embeddable":true,"href":"https:\/\/krankenhauspfarramt.de\/index.php\/wp-json\/wp\/v2\/media\/6413"}],"wp:attachment":[{"href":"https:\/\/krankenhauspfarramt.de\/index.php\/wp-json\/wp\/v2\/media?parent=6412"}],"wp:term":[{"taxonomy":"category","embeddable":true,"href":"https:\/\/krankenhauspfarramt.de\/index.php\/wp-json\/wp\/v2\/categories?post=6412"},{"taxonomy":"post_tag","embeddable":true,"href":"https:\/\/krankenhauspfarramt.de\/index.php\/wp-json\/wp\/v2\/tags?post=6412"}],"curies":[{"name":"wp","href":"https:\/\/api.w.org\/{rel}","templated":true}]}}