{"id":6418,"date":"2023-12-01T13:32:58","date_gmt":"2023-12-01T13:32:58","guid":{"rendered":"https:\/\/krankenhauspfarramt.de\/index.php\/2023\/12\/01\/oekumenischer-jugendkreuzweg-2024-ekd\/"},"modified":"2023-12-01T13:33:00","modified_gmt":"2023-12-01T13:33:00","slug":"oekumenischer-jugendkreuzweg-2024-ekd","status":"publish","type":"post","link":"https:\/\/krankenhauspfarramt.de\/index.php\/2023\/12\/01\/oekumenischer-jugendkreuzweg-2024-ekd\/","title":{"rendered":"\u00d6kumenischer Jugendkreuzweg 2024 \u2013 EKD"},"content":{"rendered":"<p> <br \/>\n<\/p>\n<div id=\"\">\n<div class=\"article--meta article--meta__border clearfix\">\n<p>                                    <time datetime=\"01.12.2023 13:00\" class=\"article--time\">01.12.2023<\/time><\/p>\n<p>                                     <strong class=\"article--type primus--overline\">Pressemitteilung<\/strong><\/p>\n<picture class=\"article--source-image image\"><source srcset=\"https:\/\/www.ekd.de\/ekd_de\/ds_img\/assets\/20170622_ekd-Quellenlogo_141_rdax_423x118.png\"><!--<source srcset=\"\/ekd_de\/ds_img\/assets\/20170622_ekd-Quellenlogo_141_rdax_141x39.png 1x, \/ekd_de\/ds_img\/assets\/20170622_ekd-Quellenlogo_141_rdax_282x78.png 2x, https:\/\/www.ekd.de\/ekd_de\/ds_img\/assets\/20170622_ekd-Quellenlogo_141_rdax_423x118.png 3x\">--><\/p>\n<p>    <\/source><\/picture>\n<\/p><\/div>\n<h2 class=\"article--sub-headline primus--sub-headline\">\u201eDein POV\u201c beleuchtet die Vielfalt pers\u00f6nlicher Blickwinkel und Standpunkte<\/h2>\n<\/p><\/div>\n<div id=\"\">\n<p>Ab sofort k\u00f6nnen Kirchengemeinden und Verb\u00e4nde das Material zum \u00d6kumenischen Kreuzweg der Jugend 2024 bestellen, der unter dem Thema \u201eDein POV\u201c (Point of View) steht. Der \u00d6kumenische Jugendkreuzweg wird in jedem Jahr in der Fastenzeit von jungen Menschen in ganz Deutschland und Nachbarl\u00e4ndern gebetet. Junge Menschen sind eingeladen, Jesus Christus und seinen Kreuzweg aus ihrer pers\u00f6nlichen Perspektive zu betrachten, denn der Jugendkreuzweg richtet den Fokus auf die Vielfalt von Sichtweisen und Standpunkten junger Menschen. Ebenso ermutigt das Thema, Perspektiven zu teilen und zu erkunden, wie der Glaube und die pers\u00f6nliche Sichtweise zusammenkommen k\u00f6nnen. Das Thema und die Materialien des \u00d6kumenischen Jugendkreuzwegs werden traditionell am 1. Advent ver\u00f6ffentlicht.<\/p>\n<p>In der heutigen Welt beeinflussen soziale Medien wie Instagram und TikTok ma\u00dfgeblich den pers\u00f6nlichen Blickwinkel. Die dort oft genutzte Abk\u00fcrzung \u201ePOV\u201c steht f\u00fcr \u201ePoint of View\u201c und reflektiert genau das \u2013 die unterschiedlichen Blickwinkel, aus denen wir die Welt betrachten.<\/p>\n<p>Die Redaktion des \u00d6kumenischen Jugendkreuzwegs verantworten die Arbeitsgemeinschaft der Evangelischen Jugend in Deutschland e. V. (aej), die Arbeitsstelle f\u00fcr Jugendseelsorge der Deutschen Bischofskonferenz (afj) und der Bund der Deutschen Katholischen Jugend (BDKJ).<\/p>\n<p>Dr. Kathinka Hertlein (aej), stellvertretende Gesch\u00e4ftsf\u00fchrerin des Jugendkreuzwegs, betont: \u201eDer Jugendkreuzweg \u201aDein POV\u2018 l\u00e4dt junge Menschen dazu ein, Jesus in den Fokus zu nehmen und sich in ihn und seinen Weg zum Kreuz hineinzuversetzen. Die Teilnehmenden werden dazu ermutigt, sich Fragen zu stellen: Wie nimmst du die Situation wahr? Wie blickst du auf Kreuzigung und Auferstehung? Was ist dein Standpunkt dazu?\u201c<\/p>\n<p>Dabei bedient sich der Jugendkreuzweg 2024 der Kunstform des Comics und der Graphic Novel, um diese Vielfalt von Gedanken, Sichtweisen und Standpunkten auszudr\u00fccken. \u00c4hnlich den Gedanken- und Sprechblasen in Comics werden Gedanken explizit aufgeschrieben, um den individuellen Standpunkt visuell darzustellen.<\/p>\n<p>Tobias Knell, Referent der afj und Gesch\u00e4ftsf\u00fchrer des Jugendkreuzwegs, unterstreicht: \u201eDer Jugendkreuzweg soll junge Menschen bef\u00e4higen. Denn im Geschehen des Kreuzwegs geht es um jeden Einzelnen von uns, um die jeweilige pers\u00f6nliche Sichtweise. \u201aDein POV\u2018 ermutigt jeden von uns, sich auszudr\u00fccken, seinen Blickwinkel zu teilen, und legt Wert darauf, dass jeder und jede von uns geh\u00f6rt wird! Die Botschaft am Kreuz ist auch: Du hast etwas zu sagen! Du bist wichtig!\u201c<\/p>\n<p>Das Materialheft zum \u00d6kumenischen Jugendkreuzweg 2024, die Plakatserie, Musik und Multimedia-Inhalte sowie das Musikheft k\u00f6nnen beim Verlag Haus Altenberg (www.jugendkreuzweg-online.de) bestellt werden. Damit erhalten Jugendgruppen, Schulklassen und junge Menschen, die den Weg individuell beten m\u00f6chten, einen Vorschlag zur Gestaltung eines Kreuzweg-Gebetes. Es besteht aber auch die M\u00f6glichkeit, Eigenes aus dem Material entstehen zu lassen, zum Beispiel einen Gottesdienst, eine Gebetsreihe oder Exerzitien. Dabei k\u00f6nnen alle Texte und Bilder auch im digitalen Raum verwendet werden.<\/p>\n<p><strong>Hintergrund<\/strong><br \/>Geschichte des \u00d6kumenischen Jugendkreuzwegs: 1958 begann der Jugendkreuzweg als \u201eGebetsbr\u00fccke\u201c zwischen jungen katholischen Christinnen und Christen in der Bundesrepublik und der ehemaligen DDR; seit 1972 wird er \u00f6kumenisch gebetet. Heute \u00fcberbr\u00fccken die gemeinsamen Worte Konfessionen, Gesinnungen und Generationen. Mit j\u00e4hrlich knapp 60.000 Teilnehmenden geh\u00f6rt er zu den gr\u00f6\u00dften \u00f6kumenischen Jugendaktionen. Auch in den Niederlanden, \u00d6sterreich und den deutschsprachigen Teilen von Luxemburg, Belgien und der Schweiz beten ihn junge Christinnen und Christen.\u00a0<\/p>\n<p><strong>Hinweis:<\/strong><br \/>Fotos zum \u00d6kumenischen Jugendkreuzweg 2024 sind f\u00fcr die Berichterstattung kostenfrei auf der Internetseite des Jugendkreuzweges verf\u00fcgbar.<\/p>\n<p>Hannover, 1. Dezember 2023<\/p>\n<p>Pressestelle der EKD<br \/>Annika Lukas<br \/>\u00a0<\/p>\n<\/div>\n","protected":false},"excerpt":{"rendered":"<p>01.12.2023 Pressemitteilung \u201eDein POV\u201c beleuchtet die Vielfalt pers\u00f6nlicher Blickwinkel und Standpunkte Ab sofort k\u00f6nnen Kirchengemeinden und Verb\u00e4nde das Material zum<\/p>\n","protected":false},"author":2,"featured_media":569,"comment_status":"closed","ping_status":"closed","sticky":false,"template":"","format":"standard","meta":{"footnotes":""},"categories":[20],"tags":[],"_links":{"self":[{"href":"https:\/\/krankenhauspfarramt.de\/index.php\/wp-json\/wp\/v2\/posts\/6418"}],"collection":[{"href":"https:\/\/krankenhauspfarramt.de\/index.php\/wp-json\/wp\/v2\/posts"}],"about":[{"href":"https:\/\/krankenhauspfarramt.de\/index.php\/wp-json\/wp\/v2\/types\/post"}],"author":[{"embeddable":true,"href":"https:\/\/krankenhauspfarramt.de\/index.php\/wp-json\/wp\/v2\/users\/2"}],"replies":[{"embeddable":true,"href":"https:\/\/krankenhauspfarramt.de\/index.php\/wp-json\/wp\/v2\/comments?post=6418"}],"version-history":[{"count":1,"href":"https:\/\/krankenhauspfarramt.de\/index.php\/wp-json\/wp\/v2\/posts\/6418\/revisions"}],"predecessor-version":[{"id":6419,"href":"https:\/\/krankenhauspfarramt.de\/index.php\/wp-json\/wp\/v2\/posts\/6418\/revisions\/6419"}],"wp:featuredmedia":[{"embeddable":true,"href":"https:\/\/krankenhauspfarramt.de\/index.php\/wp-json\/wp\/v2\/media\/569"}],"wp:attachment":[{"href":"https:\/\/krankenhauspfarramt.de\/index.php\/wp-json\/wp\/v2\/media?parent=6418"}],"wp:term":[{"taxonomy":"category","embeddable":true,"href":"https:\/\/krankenhauspfarramt.de\/index.php\/wp-json\/wp\/v2\/categories?post=6418"},{"taxonomy":"post_tag","embeddable":true,"href":"https:\/\/krankenhauspfarramt.de\/index.php\/wp-json\/wp\/v2\/tags?post=6418"}],"curies":[{"name":"wp","href":"https:\/\/api.w.org\/{rel}","templated":true}]}}