{"id":6420,"date":"2023-12-04T18:52:50","date_gmt":"2023-12-04T18:52:50","guid":{"rendered":"https:\/\/krankenhauspfarramt.de\/index.php\/2023\/12\/04\/kirchliche-hilfswerke-eroeffnen-spendenaktionen-zur-weihnachtszeit-ekd\/"},"modified":"2023-12-04T18:52:53","modified_gmt":"2023-12-04T18:52:53","slug":"kirchliche-hilfswerke-eroeffnen-spendenaktionen-zur-weihnachtszeit-ekd","status":"publish","type":"post","link":"https:\/\/krankenhauspfarramt.de\/index.php\/2023\/12\/04\/kirchliche-hilfswerke-eroeffnen-spendenaktionen-zur-weihnachtszeit-ekd\/","title":{"rendered":"Kirchliche Hilfswerke er\u00f6ffnen Spendenaktionen zur Weihnachtszeit \u2013 EKD"},"content":{"rendered":"<p> <br \/>\n<\/p>\n<div id=\"\">\n<p>Mit den Spendenkampagnen sollen Projekte gegen den Hunger auf der Welt und f\u00fcr ein globales Ern\u00e4hrungssystem sowie Fl\u00fcchtlingsprojekte in Lateinamerika unterst\u00fctzt werden. Das evangelische Hilfswerk \u201eBrot f\u00fcr die Welt\u201c f\u00f6rdert derzeit rund 1.800 Projekte in fast 90 L\u00e4ndern.<br \/>Die Pr\u00e4sidentin von \u201eBrot f\u00fcr die Welt\u201c, Dagmar Pruin, rief in ihrer Predigt in Leipzig zu Hoffnung und Zuversicht auf. Die Weihnachtsgeschichte vom \u201eWunder, das im Stall geschieht\u201c, von Christi Geburt, sei die \u201edie ultimative Botschaft, dass sich alles, aber auch alles \u00e4ndern\u201c k\u00f6nne, sagte sie. Der Hoffnung seien keine Grenzen gesetzt; dies sei die Weihnachtsbotschaft.<\/p>\n<p>Pruin predigte in dem ARD-Fernsehgottesdienst zusammen mit dem Kenianer Peter Nyorsok, dem Direktor der Partnerorganisation \u201eADS North Rift\u201c. F\u00fcr Nyorsok bedeutet \u201es\u00e4en\u201c Hoffnung im konkreten Handeln. \u201eWenn ich einen Samen in die Erde lege, dann m\u00f6chte ich das Leben erhalten\u201c, sagte er. Pruin betonte, die T\u00e4tigkeit der Partnerorganisationen von \u201eBrot f\u00fcr die Welt\u201c stimme zuversichtlich. Sie w\u00fcrden \u201eunerschrocken ihre Arbeit tun\u201c.<\/p>\n<p>Gauck forderte in dem Gottesdienst, hinzuschauen, wo Menschen Hilfe brauchen. Am Vorabend hatte der 83-j\u00e4hrige evangelische Theologe in einer Festveranstaltung zu pers\u00f6nlichem sozialem Engagement und Solidarit\u00e4t aufgerufen. \u201eVerantwortung ist die erwachsene Form von Freiheit\u201c, sagte Gauck. Mit Blick auf die Fl\u00fcchtlingspolitik sagte er, das Boot sei noch nicht zu voll. Zugleich m\u00fcsse durch Steuerung und Begrenzung der Zuwanderung die Akzeptanz der Bev\u00f6lkerung erhalten werden.<\/p>\n<p>Zur Er\u00f6ffnung der katholischen Adveniat-Spendenaktion f\u00fcr Lateinamerika betonte Kardinal \u00c1lvaro Leonel Ramazzini aus Guatemala am Sonntag in Erfurt, Christinnen und Christen d\u00fcrften sich nicht vor dem Elend und der Diskriminierung in der Welt verschlie\u00dfen. Zu den gr\u00f6\u00dften S\u00fcnden der Menschheit geh\u00f6rten Rassismus, Fremdenfeindlichkeit, Egoismus und ethnische Auseinandersetzungen.<\/p>\n<p>Der Erfurter Bischof Ulrich Neymeyr rief dazu auf, trotz der aktuell gro\u00dfen Herausforderungen die Fluchtbewegungen nicht zu vergessen. \u201eWeltweit sind \u00fcber 108 Millionen Menschen auf der Flucht. So viele wie noch nie zuvor in der Geschichte\u201c, mahnte er.<\/p>\n<p>In den Kirchen Deutschlands gehen die Weihnachtskollekten traditionell an die Hilfswerke, deren Spendenaktionen am ersten Advent beginnen. Evangelische Kirchen riefen erstmals 1959 mit der Aktion \u201eBrot f\u00fcr die Welt\u201c zu Spenden im Kampf gegen Hunger und Armut auf. Schwerpunkte der Arbeit sind die Weltern\u00e4hrung, die St\u00e4rkung von Bildung und Gesundheit sowie der Einsatz f\u00fcr Menschenrechte und Klimagerechtigkeit.<br \/>\u00a0<\/p>\n<\/div>\n","protected":false},"excerpt":{"rendered":"<p>Mit den Spendenkampagnen sollen Projekte gegen den Hunger auf der Welt und f\u00fcr ein globales Ern\u00e4hrungssystem sowie Fl\u00fcchtlingsprojekte in Lateinamerika<\/p>\n","protected":false},"author":2,"featured_media":6421,"comment_status":"closed","ping_status":"closed","sticky":false,"template":"","format":"standard","meta":{"footnotes":""},"categories":[20],"tags":[],"_links":{"self":[{"href":"https:\/\/krankenhauspfarramt.de\/index.php\/wp-json\/wp\/v2\/posts\/6420"}],"collection":[{"href":"https:\/\/krankenhauspfarramt.de\/index.php\/wp-json\/wp\/v2\/posts"}],"about":[{"href":"https:\/\/krankenhauspfarramt.de\/index.php\/wp-json\/wp\/v2\/types\/post"}],"author":[{"embeddable":true,"href":"https:\/\/krankenhauspfarramt.de\/index.php\/wp-json\/wp\/v2\/users\/2"}],"replies":[{"embeddable":true,"href":"https:\/\/krankenhauspfarramt.de\/index.php\/wp-json\/wp\/v2\/comments?post=6420"}],"version-history":[{"count":1,"href":"https:\/\/krankenhauspfarramt.de\/index.php\/wp-json\/wp\/v2\/posts\/6420\/revisions"}],"predecessor-version":[{"id":6422,"href":"https:\/\/krankenhauspfarramt.de\/index.php\/wp-json\/wp\/v2\/posts\/6420\/revisions\/6422"}],"wp:featuredmedia":[{"embeddable":true,"href":"https:\/\/krankenhauspfarramt.de\/index.php\/wp-json\/wp\/v2\/media\/6421"}],"wp:attachment":[{"href":"https:\/\/krankenhauspfarramt.de\/index.php\/wp-json\/wp\/v2\/media?parent=6420"}],"wp:term":[{"taxonomy":"category","embeddable":true,"href":"https:\/\/krankenhauspfarramt.de\/index.php\/wp-json\/wp\/v2\/categories?post=6420"},{"taxonomy":"post_tag","embeddable":true,"href":"https:\/\/krankenhauspfarramt.de\/index.php\/wp-json\/wp\/v2\/tags?post=6420"}],"curies":[{"name":"wp","href":"https:\/\/api.w.org\/{rel}","templated":true}]}}