{"id":6423,"date":"2023-12-05T11:08:05","date_gmt":"2023-12-05T11:08:05","guid":{"rendered":"https:\/\/krankenhauspfarramt.de\/index.php\/2023\/12\/05\/der-heilige-nikolaus-als-vorbild-ekd\/"},"modified":"2023-12-05T11:08:07","modified_gmt":"2023-12-05T11:08:07","slug":"der-heilige-nikolaus-als-vorbild-ekd","status":"publish","type":"post","link":"https:\/\/krankenhauspfarramt.de\/index.php\/2023\/12\/05\/der-heilige-nikolaus-als-vorbild-ekd\/","title":{"rendered":"Der Heilige Nikolaus als Vorbild \u2013 EKD"},"content":{"rendered":"<p> <br \/>\n<\/p>\n<div>\n<p style=\"margin-left:0cm; margin-right:0cm\">Im G\u00f6ttinger Ortsteil Nikolausberg amtieren seit 1999 Kinderbisch\u00f6fe, die ersten drei wurden von der damaligen Landesbisch\u00f6fin Margot K\u00e4\u00dfmann eingesetzt. Mit ihrer Ernennung will die \u00f6rtliche Kirchengemeinde eine alte Tradition neu beleben: Die Kinderbisch\u00f6fe wirken nach dem Vorbild des Heiligen Nikolaus, Bischof von Myra in der heutigen T\u00fcrkei, und engagieren sich in der evangelischen Kirchengemeinde und im Ortsrat f\u00fcr die Belange der Kinder. Sie werden vorgeschlagen von der Grundschule Nikolausberg, dem \u00f6rtlichen Sportverein und der Kirchengemeinde. Die Amtszeit dauert ein Jahr, kann jedoch um ein weiteres Jahr verl\u00e4ngert werden. W\u00e4hrend ihrer Amtszeit werden sie von zwei Patinnen oder Patinnen begleitet.<\/p>\n<p style=\"margin-left:0cm; margin-right:0cm\">In der Vergangenheit setzten sich die Kinderbisch\u00f6fe etwa f\u00fcr Schritte zur Verkehrsberuhigung oder f\u00fcr Geschwindigkeitskontrollen in Nikolausberg ein. Sie erreichten bei den Verantwortlichen, dass die Situation auf Spielpl\u00e4tzen verbessert und an den Fu\u00dfball-Toren auf dem Schulhof Netze angebracht wurden. Zudem erstellten sie ein Heft mit Erl\u00e4uterungen, damit Kinder die Gottesdienste in der Kirche besser verstehen k\u00f6nnen. Die Kinderbisch\u00f6fe w\u00e4hlen auch stets den \u201ekinderfreundlichsten Menschen von Nikolausberg\u201c.<\/p>\n<p style=\"margin-left:0cm; margin-right:0cm\">Marie, Leevke und Mats haben in diesem Jahr Sch\u00fcler der \u00f6rtlichen Grundschule gefragt, was diese sich w\u00fcnschen. Mit dem Wunschzettel sind sie beim Ortsrat vorstellig geworden. Nicht alles lie\u00df sich realisieren, eine Wasserrutsche und ein Fitnessstudio f\u00fcr Kinder lehnten die Kommunalpolitiker als zu teuer ab. Auch mit dem erbetenen Volleyballnetz auf dem Spielplatz wurde es nichts.<\/p>\n<p style=\"margin-left:0cm; margin-right:0cm\">\u201eDaf\u00fcr haben wir zwei Kindergottesdienste selbst organisiert\u201c, erz\u00e4hlt die neunj\u00e4hrige Leevke. Einen zum Thema Ostern, den anderen zur St\u00e4rkung des Gemeinschaftsgef\u00fchls: \u201eWir haben Spiele gemacht, wo die Kleinen den Gro\u00dfen und die Gro\u00dfen den Kleinen helfen sollten.\u201c Beim diesj\u00e4hrigen Schulfest und beim Sommerfest in der Gemeinde waren die Kinderbisch\u00f6fe mit einem eigenen Stand vertreten, haben Dosenwerfen und Sackh\u00fcpfen angeboten. Dass es im n\u00e4chsten Jahr einen Weihnachtsmarkt f\u00fcr Kinder geben soll, geht ebenfalls auf die Initiative der Kinderbisch\u00f6fe zur\u00fcck.<\/p>\n<p style=\"margin-left:0cm; margin-right:0cm\">Auch die k\u00fcnftigen kleinen Bisch\u00f6fe, die am zweiten Advent eingef\u00fchrt werden, haben schon Ideen f\u00fcr ihre Amtszeit entwickelt. \u201eFr\u00fcher gab es im Gemeindehaus einen Raum f\u00fcr Jugendliche\u201c, berichtet die neun Jahre alte Neele. Inzwischen h\u00e4tten den die Pfadfinder in Beschlag genommen. \u201eEs w\u00e4re toll, wenn wir es schaffen, dass es wieder so einen Treffpunkt f\u00fcr alle gibt\u201c.<\/p>\n<p style=\"margin-left:0cm; margin-right:0cm\">Weit vorn auf der \u201eTo do\u201c-Liste von Neele, Mateo und Lia steht jedoch das Thema Umweltschutz und Energiesparen. Dass viele Einwohner mit dem Auto zum Br\u00f6tchenholen fahren oder motorisiert ihre Kinder von der Kita abholen, findet Mateo gar nicht gut. \u201eVielleicht k\u00f6nnen wir Plakate oder Flyer machen und beim B\u00e4cker und beim Edeka aufh\u00e4ngen\u201c, \u00fcberlegt der Achtj\u00e4hrige.<\/p>\n<p style=\"margin-left:0cm; margin-right:0cm\">\u201eMacht doch einen Wettbewerb zum Stromsparen\u201c, wirft Marie ein. \u201eMit einem gro\u00dfen Hinweis-Transparent am Ortseingang.\u201c Die Haushalte, die ihre Energiekosten am st\u00e4rksten senken, sollten einen Preis erhalten. Neele und Mateo haben auch schon eine Idee, wie der Preis finanziert werden kann &#8211; mit einer Art Strafzoll n\u00e4mlich: Wer trotz der Mahnungen der Kinderbisch\u00f6fe weiterhin mit dem Auto zum B\u00e4cker f\u00e4hrt, soll um eine Spende gebeten werden.<\/p>\n<\/p><\/div>\n","protected":false},"excerpt":{"rendered":"<p>Im G\u00f6ttinger Ortsteil Nikolausberg amtieren seit 1999 Kinderbisch\u00f6fe, die ersten drei wurden von der damaligen Landesbisch\u00f6fin Margot K\u00e4\u00dfmann eingesetzt. Mit<\/p>\n","protected":false},"author":2,"featured_media":6424,"comment_status":"closed","ping_status":"closed","sticky":false,"template":"","format":"standard","meta":{"footnotes":""},"categories":[20],"tags":[],"_links":{"self":[{"href":"https:\/\/krankenhauspfarramt.de\/index.php\/wp-json\/wp\/v2\/posts\/6423"}],"collection":[{"href":"https:\/\/krankenhauspfarramt.de\/index.php\/wp-json\/wp\/v2\/posts"}],"about":[{"href":"https:\/\/krankenhauspfarramt.de\/index.php\/wp-json\/wp\/v2\/types\/post"}],"author":[{"embeddable":true,"href":"https:\/\/krankenhauspfarramt.de\/index.php\/wp-json\/wp\/v2\/users\/2"}],"replies":[{"embeddable":true,"href":"https:\/\/krankenhauspfarramt.de\/index.php\/wp-json\/wp\/v2\/comments?post=6423"}],"version-history":[{"count":1,"href":"https:\/\/krankenhauspfarramt.de\/index.php\/wp-json\/wp\/v2\/posts\/6423\/revisions"}],"predecessor-version":[{"id":6425,"href":"https:\/\/krankenhauspfarramt.de\/index.php\/wp-json\/wp\/v2\/posts\/6423\/revisions\/6425"}],"wp:featuredmedia":[{"embeddable":true,"href":"https:\/\/krankenhauspfarramt.de\/index.php\/wp-json\/wp\/v2\/media\/6424"}],"wp:attachment":[{"href":"https:\/\/krankenhauspfarramt.de\/index.php\/wp-json\/wp\/v2\/media?parent=6423"}],"wp:term":[{"taxonomy":"category","embeddable":true,"href":"https:\/\/krankenhauspfarramt.de\/index.php\/wp-json\/wp\/v2\/categories?post=6423"},{"taxonomy":"post_tag","embeddable":true,"href":"https:\/\/krankenhauspfarramt.de\/index.php\/wp-json\/wp\/v2\/tags?post=6423"}],"curies":[{"name":"wp","href":"https:\/\/api.w.org\/{rel}","templated":true}]}}