{"id":6433,"date":"2023-12-12T14:44:18","date_gmt":"2023-12-12T14:44:18","guid":{"rendered":"https:\/\/krankenhauspfarramt.de\/index.php\/2023\/12\/12\/kirchen-kritisieren-intransparenz-bei-daten-zu-ruestungsexporten-ekd\/"},"modified":"2023-12-12T14:44:20","modified_gmt":"2023-12-12T14:44:20","slug":"kirchen-kritisieren-intransparenz-bei-daten-zu-ruestungsexporten-ekd","status":"publish","type":"post","link":"https:\/\/krankenhauspfarramt.de\/index.php\/2023\/12\/12\/kirchen-kritisieren-intransparenz-bei-daten-zu-ruestungsexporten-ekd\/","title":{"rendered":"Kirchen kritisieren Intransparenz bei Daten zu R\u00fcstungsexporten \u2013 EKD"},"content":{"rendered":"<p> <br \/>\n<\/p>\n<div>\n<p>Die Nichtregierungsorganisation stellte am Dienstag ihren 27. Jahresbericht vor, in dem sie die Entwicklung deutscher R\u00fcstungsexporte bewertet. Auf Grundlage der vom Bundeswirtschaftsministerium ver\u00f6ffentlichten Einzeldaten f\u00fcr das Jahr 2022 begr\u00fc\u00dft sie insgesamt einen R\u00fcckgang der R\u00fcstungsexporte, insbesondere in Drittl\u00e4nder. Die aktuelle Bundesregierung verfolge eine restriktivere R\u00fcstungsexportpolitik als die gro\u00dfe Koalition, sagte Gidion. Diese Bewertung stehe aber unter dem Vorbehalt, weil der Jahresbericht noch fehle.<\/p>\n<p>Der katholische Vorsitzende der GKKE, Karl J\u00fcsten, sagte, Problemstellungen von erh\u00f6htem Regelungsbedarf, verst\u00e4rkter R\u00fcstungsdynamik sowie unzureichender Ordnung und Transparenz zeigten sich auch auf europ\u00e4ischer Ebene. Die neue \u201esicherheits- und r\u00fcstungspolitische Dynamik\u201c bringe neuen Regelungsbedarf mit sich. Vor diesem Hintergrund sei es gut, dass 2024 eine \u00dcberarbeitung des Gemeinsamen Standpunkts der EU zur R\u00fcstungsexportkontrolle anstehe.<\/p>\n<p>Die beiden gro\u00dfen Kirchen unterstrichen zudem ihre Forderung nach einem deutschen R\u00fcstungsexportkontrollgesetz, das die Ampel-Koalition angek\u00fcndigt, bislang aber nicht umgesetzt hat. Man fordere die Bundesregierung mit Nachdruck auf, einen umfassenden Gesetzentwurf vorzulegen, sagte Anne Gidion, Bevollm\u00e4chtigte des Rates der EKD.\u00a0\u00a0<\/p>\n<\/p><\/div>\n","protected":false},"excerpt":{"rendered":"<p>Die Nichtregierungsorganisation stellte am Dienstag ihren 27. Jahresbericht vor, in dem sie die Entwicklung deutscher R\u00fcstungsexporte bewertet. Auf Grundlage der<\/p>\n","protected":false},"author":2,"featured_media":6434,"comment_status":"closed","ping_status":"closed","sticky":false,"template":"","format":"standard","meta":{"footnotes":""},"categories":[20],"tags":[],"_links":{"self":[{"href":"https:\/\/krankenhauspfarramt.de\/index.php\/wp-json\/wp\/v2\/posts\/6433"}],"collection":[{"href":"https:\/\/krankenhauspfarramt.de\/index.php\/wp-json\/wp\/v2\/posts"}],"about":[{"href":"https:\/\/krankenhauspfarramt.de\/index.php\/wp-json\/wp\/v2\/types\/post"}],"author":[{"embeddable":true,"href":"https:\/\/krankenhauspfarramt.de\/index.php\/wp-json\/wp\/v2\/users\/2"}],"replies":[{"embeddable":true,"href":"https:\/\/krankenhauspfarramt.de\/index.php\/wp-json\/wp\/v2\/comments?post=6433"}],"version-history":[{"count":1,"href":"https:\/\/krankenhauspfarramt.de\/index.php\/wp-json\/wp\/v2\/posts\/6433\/revisions"}],"predecessor-version":[{"id":6435,"href":"https:\/\/krankenhauspfarramt.de\/index.php\/wp-json\/wp\/v2\/posts\/6433\/revisions\/6435"}],"wp:featuredmedia":[{"embeddable":true,"href":"https:\/\/krankenhauspfarramt.de\/index.php\/wp-json\/wp\/v2\/media\/6434"}],"wp:attachment":[{"href":"https:\/\/krankenhauspfarramt.de\/index.php\/wp-json\/wp\/v2\/media?parent=6433"}],"wp:term":[{"taxonomy":"category","embeddable":true,"href":"https:\/\/krankenhauspfarramt.de\/index.php\/wp-json\/wp\/v2\/categories?post=6433"},{"taxonomy":"post_tag","embeddable":true,"href":"https:\/\/krankenhauspfarramt.de\/index.php\/wp-json\/wp\/v2\/tags?post=6433"}],"curies":[{"name":"wp","href":"https:\/\/api.w.org\/{rel}","templated":true}]}}