{"id":6441,"date":"2023-12-13T15:11:22","date_gmt":"2023-12-13T15:11:22","guid":{"rendered":"https:\/\/krankenhauspfarramt.de\/index.php\/2023\/12\/13\/ekd-verpflichtet-sich-auf-standards-bei-aufarbeitung-von-faellen-sexualisierter-gewalt-ekd\/"},"modified":"2023-12-13T15:11:24","modified_gmt":"2023-12-13T15:11:24","slug":"ekd-verpflichtet-sich-auf-standards-bei-aufarbeitung-von-faellen-sexualisierter-gewalt-ekd","status":"publish","type":"post","link":"https:\/\/krankenhauspfarramt.de\/index.php\/2023\/12\/13\/ekd-verpflichtet-sich-auf-standards-bei-aufarbeitung-von-faellen-sexualisierter-gewalt-ekd\/","title":{"rendered":"EKD verpflichtet sich auf Standards bei Aufarbeitung von F\u00e4llen sexualisierter Gewalt \u2013 EKD"},"content":{"rendered":"<p> <br \/>\n<\/p>\n<div>\n<p>Die evangelischen Landeskirchen und die Diakonie-Landesverb\u00e4nde planen f\u00fcr die Aufarbeitung neun regionale Aufarbeitungskommissionen, die nach EKD-Angaben in den kommenden Monaten eingerichtet werden sollen. Auch deren Zusammensetzung und Berichtspflicht regelt die am Mittwoch unterzeichnete Erkl\u00e4rung. Sie empfiehlt eine Gr\u00f6\u00dfe von mindestens sieben Mitgliedern, von denen mindestens zwei Betroffene sein m\u00fcssen und weniger als die H\u00e4lfte Besch\u00e4ftigte von Kirche oder Diakonie sein d\u00fcrfen. Die restlichen Mitglieder sollen aus den Wissenschaften, der Fachpraxis, der Justiz und der \u00f6ffentlichen Verwaltung gewonnen werden. Die Mitarbeit wird ehrenamtlich sein.<\/p>\n<p>Gidion betonte die Bedeutung der Beteiligung Betroffener an der Aufarbeitung. Nur so k\u00f6nne sie transparent gelingen, sagte sie. Lilie sagte, es werde Aufgabe der kommenden Jahre sein, die Aufarbeitung von Unrecht durch sexualisierte Gewalt an Schutzbefohlenen \u201el\u00fcckenlos fortzusetzen\u201c.<\/p>\n<p>Detlev Zander, Sprecher der Betroffenenvertretung im ma\u00dfgeblichen Gremium f\u00fcr Entscheidungen zum Thema Missbrauch in der EKD, sagte, durch die Erkl\u00e4rung werde es auch mehr Transparenz und Handlungssicherheit f\u00fcr Betroffene geben. \u201eDer Flickenteppich verschiedener Landeskirchen und diakonischen Werke ist f\u00fcr betroffene Personen einfach viel zu un\u00fcbersichtlich\u201c, sagte er. Das f\u00fchre h\u00e4ufig zu zus\u00e4tzlichen Belastungen.<\/p>\n<\/p><\/div>\n","protected":false},"excerpt":{"rendered":"<p>Die evangelischen Landeskirchen und die Diakonie-Landesverb\u00e4nde planen f\u00fcr die Aufarbeitung neun regionale Aufarbeitungskommissionen, die nach EKD-Angaben in den kommenden Monaten<\/p>\n","protected":false},"author":2,"featured_media":6442,"comment_status":"closed","ping_status":"closed","sticky":false,"template":"","format":"standard","meta":{"footnotes":""},"categories":[20],"tags":[],"_links":{"self":[{"href":"https:\/\/krankenhauspfarramt.de\/index.php\/wp-json\/wp\/v2\/posts\/6441"}],"collection":[{"href":"https:\/\/krankenhauspfarramt.de\/index.php\/wp-json\/wp\/v2\/posts"}],"about":[{"href":"https:\/\/krankenhauspfarramt.de\/index.php\/wp-json\/wp\/v2\/types\/post"}],"author":[{"embeddable":true,"href":"https:\/\/krankenhauspfarramt.de\/index.php\/wp-json\/wp\/v2\/users\/2"}],"replies":[{"embeddable":true,"href":"https:\/\/krankenhauspfarramt.de\/index.php\/wp-json\/wp\/v2\/comments?post=6441"}],"version-history":[{"count":1,"href":"https:\/\/krankenhauspfarramt.de\/index.php\/wp-json\/wp\/v2\/posts\/6441\/revisions"}],"predecessor-version":[{"id":6443,"href":"https:\/\/krankenhauspfarramt.de\/index.php\/wp-json\/wp\/v2\/posts\/6441\/revisions\/6443"}],"wp:featuredmedia":[{"embeddable":true,"href":"https:\/\/krankenhauspfarramt.de\/index.php\/wp-json\/wp\/v2\/media\/6442"}],"wp:attachment":[{"href":"https:\/\/krankenhauspfarramt.de\/index.php\/wp-json\/wp\/v2\/media?parent=6441"}],"wp:term":[{"taxonomy":"category","embeddable":true,"href":"https:\/\/krankenhauspfarramt.de\/index.php\/wp-json\/wp\/v2\/categories?post=6441"},{"taxonomy":"post_tag","embeddable":true,"href":"https:\/\/krankenhauspfarramt.de\/index.php\/wp-json\/wp\/v2\/tags?post=6441"}],"curies":[{"name":"wp","href":"https:\/\/api.w.org\/{rel}","templated":true}]}}