{"id":6445,"date":"2023-12-13T19:13:40","date_gmt":"2023-12-13T19:13:40","guid":{"rendered":"https:\/\/krankenhauspfarramt.de\/index.php\/2023\/12\/13\/evangelische-kirche-erinnert-an-politische-gefangene-in-belarus-ekd\/"},"modified":"2023-12-13T19:13:42","modified_gmt":"2023-12-13T19:13:42","slug":"evangelische-kirche-erinnert-an-politische-gefangene-in-belarus-ekd","status":"publish","type":"post","link":"https:\/\/krankenhauspfarramt.de\/index.php\/2023\/12\/13\/evangelische-kirche-erinnert-an-politische-gefangene-in-belarus-ekd\/","title":{"rendered":"Evangelische Kirche erinnert an politische Gefangene in Belarus \u2013 EKD"},"content":{"rendered":"<p> <br \/>\n<\/p>\n<div>\n<p>Der 1982 geborene Znak z\u00e4hle zu den aktuell rund 1.500 politischen Gefangenen in Belarus, die alle unschuldig in Haft seien, nur weil sie sich f\u00fcr Freiheit, Demokratie und Menschenw\u00fcrde eingesetzt haben, erkl\u00e4rte Bosse-Huber. \u201eWie viele andere prominente Gefangene ist Znak in Isolationshaft. Seit Anfang des Jahres ist kein Lebenszeichen mehr von ihm nach au\u00dfen gedrungen. Niemand wei\u00df, wie es ihm geht &#8211; wir k\u00f6nnen nur hoffen und beten, dass er noch am Leben ist\u201c, sagte die Theologin.<\/p>\n<p>\u201eDie Geschichten von Maxim Znak sind ein literarischer Akt des Widerstands. Znak schreibt nicht nur f\u00fcr uns, sondern vor allem um seiner selbst willen. Sein Schreiben ist Selbstverteidigung. Sein feiner Humor das letzte Mittel, seine W\u00fcrde in der hoffnungslosen Situation der Haft zu retten\u201c, erkl\u00e4rte Bosse-Huber.<\/p>\n<p>Der Anwalt Maxim Znak wurde den Angaben zufolge im September 2020 verhaftet. Sein Zekamerone, eine Sammlung von einhundert Kurzgeschichten, habe er w\u00e4hrend des ersten Jahres in wechselnden Untersuchungsgef\u00e4ngnissen in ein Notizbuch geschrieben. Im September 2021 wurde er laut EKD wegen \u201eGr\u00fcndung einer Terrororganisation\u201c zu zehn Jahren Strafkolonie verurteilt.<\/p>\n<hr\/>\n<p><strong>Maxim Znak<\/strong><br \/>Zekamerone<br \/>Geschichten aus dem Gef\u00e4ngnis<br \/>Aus dem Russischen von Henriette Reisner und Volker Weichsel<br \/>Gelesen von Bjarne M\u00e4del<br \/>Mit einem Vorwort von Alice Bota<br \/>Eine Koproduktion von speak low und EKD<br \/>1 MP3-CD, autorisierte Lesefassung<br \/>Preis: \u20ac 16,00<br \/>Gesamtlaufzeit: 116 Minuten<br \/>ISBN: 978-3-948674-25-0<br \/>Bestellen:\u00a0www.speaklow.de\/allgemein\/maxim-znak-zekamerone<\/p>\n<\/p><\/div>\n","protected":false},"excerpt":{"rendered":"<p>Der 1982 geborene Znak z\u00e4hle zu den aktuell rund 1.500 politischen Gefangenen in Belarus, die alle unschuldig in Haft seien,<\/p>\n","protected":false},"author":2,"featured_media":6427,"comment_status":"closed","ping_status":"closed","sticky":false,"template":"","format":"standard","meta":{"footnotes":""},"categories":[20],"tags":[],"_links":{"self":[{"href":"https:\/\/krankenhauspfarramt.de\/index.php\/wp-json\/wp\/v2\/posts\/6445"}],"collection":[{"href":"https:\/\/krankenhauspfarramt.de\/index.php\/wp-json\/wp\/v2\/posts"}],"about":[{"href":"https:\/\/krankenhauspfarramt.de\/index.php\/wp-json\/wp\/v2\/types\/post"}],"author":[{"embeddable":true,"href":"https:\/\/krankenhauspfarramt.de\/index.php\/wp-json\/wp\/v2\/users\/2"}],"replies":[{"embeddable":true,"href":"https:\/\/krankenhauspfarramt.de\/index.php\/wp-json\/wp\/v2\/comments?post=6445"}],"version-history":[{"count":1,"href":"https:\/\/krankenhauspfarramt.de\/index.php\/wp-json\/wp\/v2\/posts\/6445\/revisions"}],"predecessor-version":[{"id":6446,"href":"https:\/\/krankenhauspfarramt.de\/index.php\/wp-json\/wp\/v2\/posts\/6445\/revisions\/6446"}],"wp:featuredmedia":[{"embeddable":true,"href":"https:\/\/krankenhauspfarramt.de\/index.php\/wp-json\/wp\/v2\/media\/6427"}],"wp:attachment":[{"href":"https:\/\/krankenhauspfarramt.de\/index.php\/wp-json\/wp\/v2\/media?parent=6445"}],"wp:term":[{"taxonomy":"category","embeddable":true,"href":"https:\/\/krankenhauspfarramt.de\/index.php\/wp-json\/wp\/v2\/categories?post=6445"},{"taxonomy":"post_tag","embeddable":true,"href":"https:\/\/krankenhauspfarramt.de\/index.php\/wp-json\/wp\/v2\/tags?post=6445"}],"curies":[{"name":"wp","href":"https:\/\/api.w.org\/{rel}","templated":true}]}}