{"id":6447,"date":"2023-12-13T23:14:17","date_gmt":"2023-12-13T23:14:17","guid":{"rendered":"https:\/\/krankenhauspfarramt.de\/index.php\/2023\/12\/13\/diakonie-praesident-lilie-geht-in-den-ruhestand-ekd\/"},"modified":"2023-12-13T23:14:20","modified_gmt":"2023-12-13T23:14:20","slug":"diakonie-praesident-lilie-geht-in-den-ruhestand-ekd","status":"publish","type":"post","link":"https:\/\/krankenhauspfarramt.de\/index.php\/2023\/12\/13\/diakonie-praesident-lilie-geht-in-den-ruhestand-ekd\/","title":{"rendered":"Diakonie-Pr\u00e4sident Lilie geht in den Ruhestand \u2013 EKD"},"content":{"rendered":"<p> <br \/>\n<\/p>\n<div>\n<p>In einer Danksagung betonte er, die Jahre in der Diakonie h\u00e4tten ihm vor Augen gef\u00fchrt, wie wichtig eine verl\u00e4ssliche, gemeinn\u00fctzige soziale Infrastruktur im Land sei.<\/p>\n<p>Die amtierende EKD-Ratsvorsitzende Fehrs sagte, Lilie habe immer wieder ideenreiche Wege gefunden, um darauf aufmerksam zu machen, was als Zentrum inklusiver Theologie verstanden werde. Sie verwies auf die Diakonie-Aktion \u201eW\u00e4rmewinter\u201c in der Zeit der Energiekrise und das Motto \u201eAus Liebe\u201c zum diesj\u00e4hrigen 175. Geburtstag der Diakonie.<\/p>\n<p>Ulrich Lilie war vor seinem Amt im Diakonie-Bundesverband theologischer Vorstand der Graf Recke Stiftung in D\u00fcsseldorf, einer diakonischen Einrichtung f\u00fcr rund 5.000 behinderte, benachteiligte und pflegebed\u00fcrftige Menschen. Davor wirkte er als Superintendent in D\u00fcsseldorf, Gemeindepfarrer und Krankenhausseelsorger. Sein Vikariat absolvierte Lilie Ende der 1980er Jahre in Essen.<\/p>\n<p>Sein Nachfolger wird zum Jahresanfang der Theologe R\u00fcdiger Schuch. Schuch war bislang Beauftragter der evangelischen Kirchen bei Landtag und Landesregierung in Nordrhein-Westfalen.<\/p>\n<p>Aktuell arbeiten nach Angaben des Bundesverbandes, der seinen Sitz in Berlin hat, mehr als 627.000 Menschen f\u00fcr die Diakonie. Der evangelische Verband geh\u00f6rt damit zu den gr\u00f6\u00dften Arbeitgebern in Deutschland. Zu den rund 33.400 Einrichtungen z\u00e4hlen Krankenh\u00e4user, Pflegedienste, Kinderg\u00e4rten oder Anlaufstellen f\u00fcr Obdachlose und Gefl\u00fcchtete. Mehr als zehn Millionen Menschen nehmen j\u00e4hrlich die Dienste in Anspruch, rund 700.000 Ehrenamtliche unterst\u00fctzen die Arbeit.<\/p>\n<\/p><\/div>\n","protected":false},"excerpt":{"rendered":"<p>In einer Danksagung betonte er, die Jahre in der Diakonie h\u00e4tten ihm vor Augen gef\u00fchrt, wie wichtig eine verl\u00e4ssliche, gemeinn\u00fctzige<\/p>\n","protected":false},"author":2,"featured_media":6448,"comment_status":"closed","ping_status":"closed","sticky":false,"template":"","format":"standard","meta":{"footnotes":""},"categories":[20],"tags":[],"_links":{"self":[{"href":"https:\/\/krankenhauspfarramt.de\/index.php\/wp-json\/wp\/v2\/posts\/6447"}],"collection":[{"href":"https:\/\/krankenhauspfarramt.de\/index.php\/wp-json\/wp\/v2\/posts"}],"about":[{"href":"https:\/\/krankenhauspfarramt.de\/index.php\/wp-json\/wp\/v2\/types\/post"}],"author":[{"embeddable":true,"href":"https:\/\/krankenhauspfarramt.de\/index.php\/wp-json\/wp\/v2\/users\/2"}],"replies":[{"embeddable":true,"href":"https:\/\/krankenhauspfarramt.de\/index.php\/wp-json\/wp\/v2\/comments?post=6447"}],"version-history":[{"count":1,"href":"https:\/\/krankenhauspfarramt.de\/index.php\/wp-json\/wp\/v2\/posts\/6447\/revisions"}],"predecessor-version":[{"id":6449,"href":"https:\/\/krankenhauspfarramt.de\/index.php\/wp-json\/wp\/v2\/posts\/6447\/revisions\/6449"}],"wp:featuredmedia":[{"embeddable":true,"href":"https:\/\/krankenhauspfarramt.de\/index.php\/wp-json\/wp\/v2\/media\/6448"}],"wp:attachment":[{"href":"https:\/\/krankenhauspfarramt.de\/index.php\/wp-json\/wp\/v2\/media?parent=6447"}],"wp:term":[{"taxonomy":"category","embeddable":true,"href":"https:\/\/krankenhauspfarramt.de\/index.php\/wp-json\/wp\/v2\/categories?post=6447"},{"taxonomy":"post_tag","embeddable":true,"href":"https:\/\/krankenhauspfarramt.de\/index.php\/wp-json\/wp\/v2\/tags?post=6447"}],"curies":[{"name":"wp","href":"https:\/\/api.w.org\/{rel}","templated":true}]}}