{"id":6453,"date":"2023-12-15T12:33:41","date_gmt":"2023-12-15T12:33:41","guid":{"rendered":"https:\/\/krankenhauspfarramt.de\/index.php\/2023\/12\/15\/orgel-des-monats-dezember-2023-in-spornitz-ekd\/"},"modified":"2023-12-15T12:33:44","modified_gmt":"2023-12-15T12:33:44","slug":"orgel-des-monats-dezember-2023-in-spornitz-ekd","status":"publish","type":"post","link":"https:\/\/krankenhauspfarramt.de\/index.php\/2023\/12\/15\/orgel-des-monats-dezember-2023-in-spornitz-ekd\/","title":{"rendered":"\u201eOrgel des Monats Dezember 2023\u201c in Spornitz \u2013 EKD"},"content":{"rendered":"<p> <br \/>\n<\/p>\n<div id=\"\">\n<div class=\"article--meta article--meta__border clearfix\">\n<p>                                    <time datetime=\"15.12.2023 10:00\" class=\"article--time\">15.12.2023<\/time><\/p>\n<p>                                     <strong class=\"article--type primus--overline\">Pressemitteilung<\/strong><\/p>\n<picture class=\"article--source-image image\"><source srcset=\"https:\/\/www.ekd.de\/ekd_de\/ds_img\/assets\/20170622_ekd-Quellenlogo_141_rdax_423x118.png\"><!--<source srcset=\"\/ekd_de\/ds_img\/assets\/20170622_ekd-Quellenlogo_141_rdax_141x39.png 1x, \/ekd_de\/ds_img\/assets\/20170622_ekd-Quellenlogo_141_rdax_282x78.png 2x, https:\/\/www.ekd.de\/ekd_de\/ds_img\/assets\/20170622_ekd-Quellenlogo_141_rdax_423x118.png 3x\">--><\/p>\n<p>    <\/source><\/picture>\n<\/p><\/div>\n<h2 class=\"article--sub-headline primus--sub-headline\">Gro\u00dfe Freude \u00fcber gro\u00dfartigen Klang<\/h2>\n<\/p><\/div>\n<div id=\"\">\n<p>Nach vielen Monaten ist die Orgel in der Evangelisch-Lutherischen Kirche Spornitz (Mecklenburg-Vorpommern) wieder zu h\u00f6ren. Saniert wurde das aus dem Jahr 1875 stammende Instrument mit dem romantischen Klang mithilfe der Stiftung Orgelklang. Die von der Evangelischen Kirche in Deutschland (EKD) gegr\u00fcndete Stiftung hat f\u00fcr ihre letzte \u201eOrgel des Monats\u201c in diesem Jahr (eine Projektspende inklusive) 5.630 Euro zur Verf\u00fcgung gestellt.<\/p>\n<p>Das in den Prospekt einer Vorg\u00e4ngerorgel eingebaute Instrument auf der Westempore der Spornitzer Kirche schuf Albert Daniel Mehmel. Der geb\u00fcrtige Sachse f\u00fchrte zwei Werkst\u00e4tten in Stralsund und Wismar. Das Werk in Spornitz ist wahrscheinlich Ergebnis einer Kooperation; der Gro\u00dfteil wurde in Wismar gefertigt, zumindest die Metallpfeifen sind vermutlich in Stralsund hergestellt.\u00a0<\/p>\n<p>Nach fast 150 Dienstjahren war das Instrument an das Ende seiner Spielf\u00e4higkeit gelangt. Spieltisch, Windladen, Windanlage, Pfeifenwerk \u2013 kein Teil der Orgel, der nicht gereinigt und repariert werden musste. I-T\u00fcpfelchen der umfassenden Arbeiten war die Wiederherstellung der Farbgebung des originalen Prospekts, der zwischenzeitlich braun \u00fcbermalt, nun wieder in originalem Wei\u00df mit blauen Absetzungen gehalten ist.\u00a0<\/p>\n<p>\u201eRund 86.000 Euro hat die Rekonstruktion des Instruments gekostet \u2013 eine Investition, die sich unbedingt gelohnt hat\u201c, sagt Pfarrer Ulrich Kaufmann. \u201eDer neue Klang ist famos, die Gemeinde ist restlos begeistert. Die Atmosph\u00e4re in der Kirche ist eine ganz andere.\u201c Nach dem ersten Konzert im Juni sind weitere in der Advents- und Weihnachtzeit geplant; im kommenden Jahr soll sogar die Er\u00f6ffnungsveranstaltung der beliebten \u201eOrgelspiele Mecklenburg\u201c in Spornitz stattfinden. \u201eDas ist eine gro\u00dfe Ehre f\u00fcr uns\u201c, sagt der Pfarrer. Das Sch\u00f6nste an den Konzerten mit der instandgesetzten Orgel ist f\u00fcr ihn aber nicht die gute Publicity, sondern \u201edass dabei die gro\u00dfe Freude \u00fcber den neuen sch\u00f6nen Klang miteinander geteilt werden kann\u201c.\u00a0<\/p>\n<p>Die Stiftung Orgelklang der Evangelischen Kirche in Deutschland (EKD) pr\u00e4sentiert in jedem Monat eine \u201eOrgel des Monats\u201c. In diesem Jahr f\u00f6rdert sie 14 Projekte in einem Gesamtumfang von 50.000 Euro (bzw. 100.300 Euro inkl. Projektspenden). Seit 2010 hat sie 263 F\u00f6rderzusagen \u00fcber rund 1,5 Millionen Euro gegeben (bzw. fast 2,2 Millionen Euro inkl. Projektspenden). Weitere Informationen finden Sie im Internet unter www.stiftung-orgelklang.de.<\/p>\n<p>Hannover, 15. Dezember 2023<\/p>\n<p>Pressestelle der EKD<br \/>\u00a0<\/p>\n<\/div>\n","protected":false},"excerpt":{"rendered":"<p>15.12.2023 Pressemitteilung Gro\u00dfe Freude \u00fcber gro\u00dfartigen Klang Nach vielen Monaten ist die Orgel in der Evangelisch-Lutherischen Kirche Spornitz (Mecklenburg-Vorpommern) wieder<\/p>\n","protected":false},"author":2,"featured_media":6454,"comment_status":"closed","ping_status":"closed","sticky":false,"template":"","format":"standard","meta":{"footnotes":""},"categories":[20],"tags":[],"_links":{"self":[{"href":"https:\/\/krankenhauspfarramt.de\/index.php\/wp-json\/wp\/v2\/posts\/6453"}],"collection":[{"href":"https:\/\/krankenhauspfarramt.de\/index.php\/wp-json\/wp\/v2\/posts"}],"about":[{"href":"https:\/\/krankenhauspfarramt.de\/index.php\/wp-json\/wp\/v2\/types\/post"}],"author":[{"embeddable":true,"href":"https:\/\/krankenhauspfarramt.de\/index.php\/wp-json\/wp\/v2\/users\/2"}],"replies":[{"embeddable":true,"href":"https:\/\/krankenhauspfarramt.de\/index.php\/wp-json\/wp\/v2\/comments?post=6453"}],"version-history":[{"count":1,"href":"https:\/\/krankenhauspfarramt.de\/index.php\/wp-json\/wp\/v2\/posts\/6453\/revisions"}],"predecessor-version":[{"id":6455,"href":"https:\/\/krankenhauspfarramt.de\/index.php\/wp-json\/wp\/v2\/posts\/6453\/revisions\/6455"}],"wp:featuredmedia":[{"embeddable":true,"href":"https:\/\/krankenhauspfarramt.de\/index.php\/wp-json\/wp\/v2\/media\/6454"}],"wp:attachment":[{"href":"https:\/\/krankenhauspfarramt.de\/index.php\/wp-json\/wp\/v2\/media?parent=6453"}],"wp:term":[{"taxonomy":"category","embeddable":true,"href":"https:\/\/krankenhauspfarramt.de\/index.php\/wp-json\/wp\/v2\/categories?post=6453"},{"taxonomy":"post_tag","embeddable":true,"href":"https:\/\/krankenhauspfarramt.de\/index.php\/wp-json\/wp\/v2\/tags?post=6453"}],"curies":[{"name":"wp","href":"https:\/\/api.w.org\/{rel}","templated":true}]}}