{"id":6456,"date":"2023-12-18T15:57:44","date_gmt":"2023-12-18T15:57:44","guid":{"rendered":"https:\/\/krankenhauspfarramt.de\/index.php\/2023\/12\/18\/deutschland-ist-darauf-angewiesen-dass-integration-gelingt-ekd\/"},"modified":"2023-12-18T15:57:47","modified_gmt":"2023-12-18T15:57:47","slug":"deutschland-ist-darauf-angewiesen-dass-integration-gelingt-ekd","status":"publish","type":"post","link":"https:\/\/krankenhauspfarramt.de\/index.php\/2023\/12\/18\/deutschland-ist-darauf-angewiesen-dass-integration-gelingt-ekd\/","title":{"rendered":"\u201eDeutschland ist darauf angewiesen, dass Integration gelingt\u201c \u2013 EKD"},"content":{"rendered":"<p> <br \/>\n<\/p>\n<div id=\"\">\n<div class=\"article--meta article--meta__border clearfix\">\n<p>                                    <time datetime=\"18.12.2023 15:00\" class=\"article--time\">18.12.2023<\/time><\/p>\n<p>                                     <strong class=\"article--type primus--overline\">Pressemitteilung<\/strong><\/p>\n<picture class=\"article--source-image image\"><source srcset=\"https:\/\/www.ekd.de\/ekd_de\/ds_img\/assets\/20170622_ekd-Quellenlogo_141_rdax_423x118.png\"><!--<source srcset=\"\/ekd_de\/ds_img\/assets\/20170622_ekd-Quellenlogo_141_rdax_141x39.png 1x, \/ekd_de\/ds_img\/assets\/20170622_ekd-Quellenlogo_141_rdax_282x78.png 2x, https:\/\/www.ekd.de\/ekd_de\/ds_img\/assets\/20170622_ekd-Quellenlogo_141_rdax_423x118.png 3x\">--><\/p>\n<p>    <\/source><\/picture>\n<\/p><\/div>\n<h2 class=\"article--sub-headline primus--sub-headline\">Amtierende Ratsvorsitzende \u00fcbergibt im Berliner Kanzleramt Thesen zur Integration<\/h2>\n<\/p><\/div>\n<div id=\"\">\n<p class=\"EKDFlietext\">Gemeinsam mit einem breiten gesellschaftlichen B\u00fcndnis hat die amtierende Ratsvorsitzende der Evangelischen Kirche in Deutschland (EKD), Bisch\u00f6fin Kirsten Fehrs, heute 15 Thesen zu \u201eZusammenhalt und Vielfalt\u201c an Bundeskanzler Olaf Scholz \u00fcbergeben. Aufgrund einer Corona-Erkrankung wurde der Bundeskanzler kurzfristig vom Chef des Bundeskanzleramts, Wolfgang Schmidt, vertreten. \u201eDeutschland ist darauf angewiesen, dass Integration gelingt\u201c, sagte Bisch\u00f6fin Fehrs anl\u00e4sslich der Thesen\u00fcbergabe der Initiative kulturelle Integration. \u201eDer Dialog der Religionen spielt dabei eine entscheidende Rolle, gerade in Zeiten, in denen die gesellschaftliche Spaltung w\u00e4chst.\u201c\u00a0Die evangelische Kirche sehe es als ihre Aufgabe an, an diesem Dialog\u00a0mitzuwirken. \u201eAls Kirche wollen wir zum Zusammenhalt der Gesellschaft beitragen. N\u00e4chstenliebe bedeutet, allen Menschen zu helfen, die hungern, frieren und unsere Hilfe brauchen.\u00a0 N\u00e4chstenliebe bedeutet nach meinem Verst\u00e4ndnis aber auch, in Deutschland ankommende Menschen bestm\u00f6glich dabei zu unterst\u00fctzten, gleichberechtigter Teil der Gesellschaft zu werden\u201c, so Fehrs.<\/p>\n<p class=\"EKDFlietext\">Die Initiative kulturelle Integration wurde 2016 vom Deutschen Kulturrat, dem Bundesministerium f\u00fcr Arbeit und Soziales, dem Bundesministerium des Innern, der Beauftragten der Bundesregierung f\u00fcr Kultur und Medien und der Beauftragten der Bundesregierung f\u00fcr Integration ins Leben gerufen. In diesem Jahr hat die Initiative ihre 2017 erstmals erschienenen Thesen grundlegend \u00fcberarbeitet und neu gefasst und dabei den vielseitigen Diskurs zur St\u00e4rkung der Demokratie, zur Fachkr\u00e4ftegewinnung und Integration aufgegriffen. Sie nimmt dabei aktuelle gesellschaftliche Debatten auf und positioniert sich hierzu.<\/p>\n<p class=\"EKDFlietext\">Mit den 15 Thesen treten die Mitglieder der Initiative kulturelle Integration f\u00fcr eine lebendige Demokratie ein, die allen Menschen Chancen er\u00f6ffnet, offen f\u00fcr Neues ist und die Kraft der Kultur nutzt, um Kennenlernen und Verst\u00e4ndnis zu schaffen. Sie stellen sich gegen Antisemitismus, Rassismus und gruppenbezogene Menschenfeindlichkeit. Zus\u00e4tzlich zu der Arbeit an den Thesen f\u00fchrt die Initiative unter anderem Jahrestagungen durch, initiiert Wettbewerbe und veranstaltet Tagungen zum breiten Feld des Zusammenhalts in Vielfalt.<\/p>\n<p class=\"EKDFlietext\">\u201eIn Deutschland leben seit Jahrhunderten Menschen unterschiedlicher Herkunft zusammen. Unterschiedliche biografische Erfahrungen und regionale Traditionen pr\u00e4gen unser Land und sind Teil unserer kulturellen Vielfalt, darauf kann unsere Gesellschaft zu Recht stolz sein. Das schlie\u00dft ein, dass Menschen nach Deutschland migrieren und unabh\u00e4ngig von ihrer Herkunft und Nationalit\u00e4t Teil unserer Gesellschaft sind.\u201c, hei\u00dft es in der Pr\u00e4ambel der Thesen.<\/p>\n<p class=\"EKDFlietext\">Neben den beiden gro\u00dfen christlichen Kirchen, dem Zentralrat der Juden in Deutschland und dem Koordinationsrat der Muslime (KRM) sowie den Initiator*innen geh\u00f6ren dem B\u00fcndnis die Kulturministerkonferenz, die kommunalen Spitzenverb\u00e4nde, die Sozialpartner, die Medien sowie zivilgesellschaftliche Organisationen einschlie\u00dflich Migrantenorganisationen an.<\/p>\n<p class=\"EKDFlietext\">Die 15 Thesen \u201eF\u00fcr Zusammenhalt und Vielfalt\u201c sind abrufbar unter<\/p>\n<p class=\"EKDFlietext\">https:\/\/www.kulturelle-integration.de\/neufassung-der-15-thesen-zusammenhalt-in-vielfalt<\/p>\n<p class=\"EKDFlietext\">Ein Pressefoto der \u00dcbergabe ist bei der Pressestelle der EKD auf Anfrage erh\u00e4ltlich.<\/p>\n<p class=\"EKDFlietext\">Hannover, 18. Dezember 2023<\/p>\n<p class=\"EKDFlietext\">Pressestelle der EKD<br \/>Carsten Splitt<\/p>\n<\/div>\n","protected":false},"excerpt":{"rendered":"<p>18.12.2023 Pressemitteilung Amtierende Ratsvorsitzende \u00fcbergibt im Berliner Kanzleramt Thesen zur Integration Gemeinsam mit einem breiten gesellschaftlichen B\u00fcndnis hat die amtierende<\/p>\n","protected":false},"author":2,"featured_media":569,"comment_status":"closed","ping_status":"closed","sticky":false,"template":"","format":"standard","meta":{"footnotes":""},"categories":[20],"tags":[],"_links":{"self":[{"href":"https:\/\/krankenhauspfarramt.de\/index.php\/wp-json\/wp\/v2\/posts\/6456"}],"collection":[{"href":"https:\/\/krankenhauspfarramt.de\/index.php\/wp-json\/wp\/v2\/posts"}],"about":[{"href":"https:\/\/krankenhauspfarramt.de\/index.php\/wp-json\/wp\/v2\/types\/post"}],"author":[{"embeddable":true,"href":"https:\/\/krankenhauspfarramt.de\/index.php\/wp-json\/wp\/v2\/users\/2"}],"replies":[{"embeddable":true,"href":"https:\/\/krankenhauspfarramt.de\/index.php\/wp-json\/wp\/v2\/comments?post=6456"}],"version-history":[{"count":1,"href":"https:\/\/krankenhauspfarramt.de\/index.php\/wp-json\/wp\/v2\/posts\/6456\/revisions"}],"predecessor-version":[{"id":6457,"href":"https:\/\/krankenhauspfarramt.de\/index.php\/wp-json\/wp\/v2\/posts\/6456\/revisions\/6457"}],"wp:featuredmedia":[{"embeddable":true,"href":"https:\/\/krankenhauspfarramt.de\/index.php\/wp-json\/wp\/v2\/media\/569"}],"wp:attachment":[{"href":"https:\/\/krankenhauspfarramt.de\/index.php\/wp-json\/wp\/v2\/media?parent=6456"}],"wp:term":[{"taxonomy":"category","embeddable":true,"href":"https:\/\/krankenhauspfarramt.de\/index.php\/wp-json\/wp\/v2\/categories?post=6456"},{"taxonomy":"post_tag","embeddable":true,"href":"https:\/\/krankenhauspfarramt.de\/index.php\/wp-json\/wp\/v2\/tags?post=6456"}],"curies":[{"name":"wp","href":"https:\/\/api.w.org\/{rel}","templated":true}]}}