{"id":6466,"date":"2023-12-20T19:05:14","date_gmt":"2023-12-20T19:05:14","guid":{"rendered":"https:\/\/krankenhauspfarramt.de\/index.php\/2023\/12\/20\/ekd-und-brot-fuer-die-welt-bitten-um-hilfe-fuer-die-aermsten-ekd\/"},"modified":"2023-12-20T19:05:17","modified_gmt":"2023-12-20T19:05:17","slug":"ekd-und-brot-fuer-die-welt-bitten-um-hilfe-fuer-die-aermsten-ekd","status":"publish","type":"post","link":"https:\/\/krankenhauspfarramt.de\/index.php\/2023\/12\/20\/ekd-und-brot-fuer-die-welt-bitten-um-hilfe-fuer-die-aermsten-ekd\/","title":{"rendered":"EKD und \u201eBrot f\u00fcr die Welt\u201c bitten um Hilfe f\u00fcr die \u00c4rmsten \u2013 EKD"},"content":{"rendered":"<p> <br \/>\n<\/p>\n<div>\n<p>Mit Blick auf die Kollekten in den evangelischen Kirchengemeinden am Heiligabend, die traditionell f\u00fcr \u201eBrot f\u00fcr die Welt\u201c bestimmt sind, sagte die Pr\u00e4sidentin des kirchlichen Hilfswerks, Dagmar Pruin: \u201eWir f\u00fchlen uns getragen von dem Engagement der Menschen in Deutschland und sind dankbar, dass sie unsere weltweite Arbeit unterst\u00fctzen &#8211; gerade zu Weihnachten.\u201c Dank seiner Partner k\u00f6nne \u201eBrot f\u00fcr die Welt\u201c so auch Menschen an den entlegensten und \u00e4rmsten Orten der Welt erreichen.<\/p>\n<p>1959 rief die evangelische Kirche erstmals mit der Aktion \u201eBrot f\u00fcr die Welt\u201c zu Spenden im Kampf gegen Hunger und Armut auf. Inzwischen ist \u201eBrot f\u00fcr die Welt\u201c mit seinen rund 1.500 Partnerorganisationen zum Teil einer globalen Bewegung f\u00fcr gerechtere und bessere Lebensverh\u00e4ltnisse, f\u00fcr Menschenrechte und Klimagerechtigkeit geworden.<\/p>\n<\/p><\/div>\n","protected":false},"excerpt":{"rendered":"<p>Mit Blick auf die Kollekten in den evangelischen Kirchengemeinden am Heiligabend, die traditionell f\u00fcr \u201eBrot f\u00fcr die Welt\u201c bestimmt sind,<\/p>\n","protected":false},"author":2,"featured_media":5127,"comment_status":"closed","ping_status":"closed","sticky":false,"template":"","format":"standard","meta":{"footnotes":""},"categories":[20],"tags":[],"_links":{"self":[{"href":"https:\/\/krankenhauspfarramt.de\/index.php\/wp-json\/wp\/v2\/posts\/6466"}],"collection":[{"href":"https:\/\/krankenhauspfarramt.de\/index.php\/wp-json\/wp\/v2\/posts"}],"about":[{"href":"https:\/\/krankenhauspfarramt.de\/index.php\/wp-json\/wp\/v2\/types\/post"}],"author":[{"embeddable":true,"href":"https:\/\/krankenhauspfarramt.de\/index.php\/wp-json\/wp\/v2\/users\/2"}],"replies":[{"embeddable":true,"href":"https:\/\/krankenhauspfarramt.de\/index.php\/wp-json\/wp\/v2\/comments?post=6466"}],"version-history":[{"count":1,"href":"https:\/\/krankenhauspfarramt.de\/index.php\/wp-json\/wp\/v2\/posts\/6466\/revisions"}],"predecessor-version":[{"id":6467,"href":"https:\/\/krankenhauspfarramt.de\/index.php\/wp-json\/wp\/v2\/posts\/6466\/revisions\/6467"}],"wp:featuredmedia":[{"embeddable":true,"href":"https:\/\/krankenhauspfarramt.de\/index.php\/wp-json\/wp\/v2\/media\/5127"}],"wp:attachment":[{"href":"https:\/\/krankenhauspfarramt.de\/index.php\/wp-json\/wp\/v2\/media?parent=6466"}],"wp:term":[{"taxonomy":"category","embeddable":true,"href":"https:\/\/krankenhauspfarramt.de\/index.php\/wp-json\/wp\/v2\/categories?post=6466"},{"taxonomy":"post_tag","embeddable":true,"href":"https:\/\/krankenhauspfarramt.de\/index.php\/wp-json\/wp\/v2\/tags?post=6466"}],"curies":[{"name":"wp","href":"https:\/\/api.w.org\/{rel}","templated":true}]}}