{"id":6468,"date":"2023-12-20T20:45:43","date_gmt":"2023-12-20T20:45:43","guid":{"rendered":"https:\/\/krankenhauspfarramt.de\/index.php\/2023\/12\/20\/kirchen-setzen-sich-fuer-die-aermsten-ein-ekd\/"},"modified":"2023-12-20T20:45:45","modified_gmt":"2023-12-20T20:45:45","slug":"kirchen-setzen-sich-fuer-die-aermsten-ein-ekd","status":"publish","type":"post","link":"https:\/\/krankenhauspfarramt.de\/index.php\/2023\/12\/20\/kirchen-setzen-sich-fuer-die-aermsten-ein-ekd\/","title":{"rendered":"Kirchen setzen sich f\u00fcr die \u00c4rmsten ein \u2013 EKD"},"content":{"rendered":"<p> <br \/>\n<\/p>\n<div id=\"\">\n<div class=\"article--meta article--meta__border clearfix\">\n<p>                                    <time datetime=\"20.12.2023 12:00\" class=\"article--time\">20.12.2023<\/time><\/p>\n<p>                                     <strong class=\"article--type primus--overline\">Pressemitteilung<\/strong><\/p>\n<picture class=\"article--source-image image\"><source srcset=\"https:\/\/www.ekd.de\/ekd_de\/ds_img\/assets\/20170622_ekd-Quellenlogo_141_rdax_423x118.png\"><!--<source srcset=\"\/ekd_de\/ds_img\/assets\/20170622_ekd-Quellenlogo_141_rdax_141x39.png 1x, \/ekd_de\/ds_img\/assets\/20170622_ekd-Quellenlogo_141_rdax_282x78.png 2x, https:\/\/www.ekd.de\/ekd_de\/ds_img\/assets\/20170622_ekd-Quellenlogo_141_rdax_423x118.png 3x\">--><\/p>\n<p>    <\/source><\/picture>\n<\/p><\/div>\n<h2 class=\"article--sub-headline primus--sub-headline\">EKD und Brot f\u00fcr die Welt mahnen Engagement gegen Hunger und Klimawandel an<\/h2>\n<\/p><\/div>\n<div id=\"\">\n<p>Die Evangelische Kirche in Deutschland (EKD) und Brot f\u00fcr die Welt mahnen angesichts der weltweiten Krisen und Konflikte, im Engagement f\u00fcr die \u00c4rmsten nicht nachzulassen. \u201eWeltweit leiden 800 Millionen Menschen Hunger. Viele Familien k\u00f6nnen ihren Kindern nur eine Mahlzeit am Tag bieten. Der Klimawandel tr\u00e4gt dazu bei, dass in vielen L\u00e4ndern bereits heute die Lebensgrundlagen f\u00fcr Millionen Menschen zerst\u00f6rt werden\u201c, sagt die amtierende EKD-Ratsvorsitzende Kirsten Fehrs. \u201eEs ist so wichtig, dass wir die Armut weltweit im Blick behalten und uns weiter mit Herz und Hand engagieren.\u201c<\/p>\n<p>Traditionell sind die Kollekten in den evangelischen Kirchengemeinden am Heiligabend f\u00fcr Brot f\u00fcr die Welt bestimmt. \u201eWir f\u00fchlen uns getragen von dem Engagement der Menschen in Deutschland und sind dankbar, dass sie unsere weltweite Arbeit unterst\u00fctzen &#8211; gerade zu Weihnachten,\u201c sagt Dagmar Pruin, Pr\u00e4sidentin von Brot f\u00fcr die Welt. \u201eF\u00fcr die Tradition der Heiligabend-Kollekte sind wir sehr dankbar. Sie zeigt, wie eng Kirche und Entwicklungszusammenarbeit zusammenh\u00e4ngen. Durch unsere Partner k\u00f6nnen wir die Menschen auch an den entlegensten und \u00e4rmsten Orten der Welt erreichen.\u201c<\/p>\n<p>1959 rief die Evangelische Kirche erstmals mit der Aktion Brot f\u00fcr die Welt zu Spenden im Kampf gegen Hunger und Armut auf. Heute ist Brot f\u00fcr die Welt mit seinen rund 1.500 Partnerorganisationen Teil einer globalen Bewegung, die sich f\u00fcr gerechtere und bessere Lebensverh\u00e4ltnisse einsetzt. In 90 L\u00e4ndern f\u00f6rdert die Organisation Ern\u00e4hrungssicherung, st\u00e4rkt Bildung und Gesundheit und setzt sich f\u00fcr Menschenrechte und Klimagerechtigkeit ein.<\/p>\n<p><strong>Spendenkonto Brot f\u00fcr die Welt:<\/strong><\/p>\n<p>IBAN: DE10 1006 1006 0500 5005 00<br \/>BIC: GENODED1KDB<br \/>http:\/\/www.brot-fuer-die-welt.de\/spende<\/p>\n<p class=\"EKDFlietext\">Hannover, 20. Dezember 2023<\/p>\n<p class=\"EKDFlietext\">Pressestelle der EKD<br \/>Carsten Splitt<\/p>\n<\/div>\n","protected":false},"excerpt":{"rendered":"<p>20.12.2023 Pressemitteilung EKD und Brot f\u00fcr die Welt mahnen Engagement gegen Hunger und Klimawandel an Die Evangelische Kirche in Deutschland<\/p>\n","protected":false},"author":2,"featured_media":6469,"comment_status":"closed","ping_status":"closed","sticky":false,"template":"","format":"standard","meta":{"footnotes":""},"categories":[20],"tags":[],"_links":{"self":[{"href":"https:\/\/krankenhauspfarramt.de\/index.php\/wp-json\/wp\/v2\/posts\/6468"}],"collection":[{"href":"https:\/\/krankenhauspfarramt.de\/index.php\/wp-json\/wp\/v2\/posts"}],"about":[{"href":"https:\/\/krankenhauspfarramt.de\/index.php\/wp-json\/wp\/v2\/types\/post"}],"author":[{"embeddable":true,"href":"https:\/\/krankenhauspfarramt.de\/index.php\/wp-json\/wp\/v2\/users\/2"}],"replies":[{"embeddable":true,"href":"https:\/\/krankenhauspfarramt.de\/index.php\/wp-json\/wp\/v2\/comments?post=6468"}],"version-history":[{"count":1,"href":"https:\/\/krankenhauspfarramt.de\/index.php\/wp-json\/wp\/v2\/posts\/6468\/revisions"}],"predecessor-version":[{"id":6470,"href":"https:\/\/krankenhauspfarramt.de\/index.php\/wp-json\/wp\/v2\/posts\/6468\/revisions\/6470"}],"wp:featuredmedia":[{"embeddable":true,"href":"https:\/\/krankenhauspfarramt.de\/index.php\/wp-json\/wp\/v2\/media\/6469"}],"wp:attachment":[{"href":"https:\/\/krankenhauspfarramt.de\/index.php\/wp-json\/wp\/v2\/media?parent=6468"}],"wp:term":[{"taxonomy":"category","embeddable":true,"href":"https:\/\/krankenhauspfarramt.de\/index.php\/wp-json\/wp\/v2\/categories?post=6468"},{"taxonomy":"post_tag","embeddable":true,"href":"https:\/\/krankenhauspfarramt.de\/index.php\/wp-json\/wp\/v2\/tags?post=6468"}],"curies":[{"name":"wp","href":"https:\/\/api.w.org\/{rel}","templated":true}]}}